{"id":41874,"date":"2025-11-21T18:34:30","date_gmt":"2025-11-21T17:34:30","guid":{"rendered":"https:\/\/magictowns.it\/?p=41874"},"modified":"2026-03-27T11:38:17","modified_gmt":"2026-03-27T10:38:17","slug":"intervista-a-federico-faggin-vicenza","status":"publish","type":"post","link":"https:\/\/magictowns.it\/it\/federico-faggin-interview-vicenza\/","title":{"rendered":"Federico Faggin: Da pioniere dei microprocessori a esploratore della coscienza"},"content":{"rendered":"<p>Non capita spesso di entrare in una sala della comunit\u00e0 di una piccola citt\u00e0 italiana e trovarsi faccia a faccia con <strong>l'uomo che ha letteralmente inventato il mondo moderno<\/strong>.<\/p>\n\n\n\n<p>Ieri sera, a Longare - a due passi dalle ville palladiane di Vicenza - abbiamo avuto il raro privilegio di assistere a una conversazione con <strong><a href=\"https:\/\/en.wikipedia.org\/wiki\/Federico_Faggin\" target=\"_blank\" rel=\"noreferrer noopener\">Federico Faggin<\/a><\/strong>. Per il mondo \u00e8 <strong>il fisico che ha progettato il primo microprocessore commerciale<\/strong> (l'Intel 4004)<strong> e il padre del touchscreen<\/strong>. Per la gente del posto, tuttavia, lo scienziato italo-americano \u00e8 anche un ragazzo della classe 1960 dell'Istituto Rossi, che torna a casa con un avvertimento e un messaggio di speranza.<br><br>Per un espatriato che viveva in California dal 1968, il ritorno di Faggin a <a class=\"wpil_keyword_link\" href=\"https:\/\/magictowns.it\/it\/citta\/vicenza-veneto-italia\/\" title=\"Vicenza\" data-wpil-keyword-link=\"linked\" data-wpil-monitor-id=\"1149\">Vicenza<\/a> \u00e8 stato pi\u00f9 di un giro di vittoria: \u00e8 stato un ritorno a casa filosofico. Ecco uno sguardo dall'interno ai pensieri della leggenda italo-americana che sta cercando di salvare l'umanit\u00e0 dalla stessa tecnologia che ha contribuito a creare.<\/p>\n\n\n\n<h2 class=\"wp-block-heading\">Il paradosso dell'espatriato: il costruttore contro il credente<\/h2>\n\n\n\n<p>Nato e cresciuto a Vicenza, Federico Faggin \u00e8 stato famoso per la sua attivit\u00e0 di <strong>inventa il primo microprocessore al mondo<\/strong> (l'Intel 4004 nel 1971) e ha lasciato il segno come visionario nella Silicon Valley. Faggin ha trascorso gli ultimi tre decenni della sua vita a riflettere su <em>\u201cLa natura della coscienza umana e il rapporto tra scienza e spiritualit\u00e0\u201d.\u201d<\/em>. Questo intrigante contrasto ha fatto da sfondo alla serata: l'eroe tecnologico della citt\u00e0 natale \u00e8 diventato filosofo, qui per discutere niente meno che le domande pi\u00f9 profonde della vita.<\/p>\n\n\n\n<p>Il finocchio rappresenta<strong> la storia di successo dell'espatrio italiano per eccellenza<\/strong>. Ricorda con orgoglio di essersi diplomato nel 1960 all'Istituto Rossi di Vicenza, un prestigioso istituto tecnico. Con la passione per l'elettronica, il giovane vicentino trova lavoro all'Olivetti, dove - in un secondo momento - si ritrova a lavorare in un'altra azienda. <strong>a soli 19 anni, ha contribuito alla progettazione di uno dei primi computer a transistor in Italia.<\/strong>. Questi primi successi lo portarono a studiare fisica all'Universit\u00e0 di Padova e, alla fine degli anni Sessanta, Faggin si trasfer\u00ec in California, unendosi al nascente boom tecnologico. <\/p>\n\n\n\n<p>Nel 1971, \u00e8 stato a capo del team Intel che ha creato l'interfaccia <strong>primo microprocessore<\/strong>, un chip delle dimensioni di un'unghia che avrebbe dato il via alla rivoluzione digitale. Faggin ha continuato a co-fondare aziende tecnologiche (come Zilog e Synaptics) e si \u00e8 guadagnato la reputazione di innovatore. Tuttavia, nonostante questi risultati, negli anni '90 sentiva un vuoto. Il successo esteriore non si era tradotto in una realizzazione interiore.<\/p>\n\n\n\n<h2 class=\"wp-block-heading\">L'anima umana e la fisica quantistica<\/h2>\n\n\n\n<p>Faggin afferma di essere stato per anni un sostenitore dello \u201cscientismo\u201d, convinto che tutto, compresi i sentimenti umani, fossero solo segnali elettrici. Ma nonostante il suo enorme successo e la sua ricchezza, ha confessato: \u201cNon ero felice... vivevo interamente nella mia testa, mai nel mio cuore\u201d. La svolta \u00e8 arrivata <strong>una notte del 1990 in vacanza al lago Tahoe<\/strong>, dove ha sperimentato un'esplosione fisica di \u201cluce bianca\u201d e di amore dal suo petto, un'esperienza cos\u00ec potente da mandare in frantumi la sua visione materialistica del mondo e da avviarlo a un viaggio trentennale per dimostrare che la coscienza \u00e8 un fenomeno che viene da lontano. <em>prima<\/em> materia, non dopo.<\/p>\n\n\n\n<p>Quell'incontro mistico ha avviato Faggin su una nuova strada. Negli anni successivi, ha rivolto la sua mente scientifica verso l'interno, cercando di capire <strong>coscienza<\/strong> - quella misteriosa qualit\u00e0 della consapevolezza che la scienza convenzionale fatica a spiegare. Ha scherzato dicendo che all'inizio non aveva nemmeno un nome per quello che aveva provato, riconoscendolo solo in seguito come un incontro con gli strati pi\u00f9 profondi della coscienza. <\/p>\n\n\n\n<p>Da sempre scienziato, Faggin ha iniziato a studiare neuroscienze, biologia e filosofia, cercando di collegare la sua esperienza con la conoscenza empirica. Alla fine, ha sviluppato un nuovo e audace quadro teorico, che elabora nel suo ultimo libro <em><a href=\"https:\/\/www.amazon.com\/Oltre-linvisibile-scienza-spiritualit%C3%A0-uniscono-ebook\/dp\/B0D5G2J5HC\/ref=sr_1_6?crid=1S6XD4CYSIGKK&amp;dib=eyJ2IjoiMSJ9._XwuG9GO6GtrlC9UyRC_25jjo8x8T3qo1XMNV2f-HxOGe2RnC1p0GQmJuH3jg6yKdm28rmgh9J4m3v8Yyp37fobjTbBQkHeOQbEaavHnS8b1HfgP-TvJEGEWKy9Zyh9H7NQ-Dlxt8fdnZjd2wl_KFEEHM5IN7__6O3LKLkb02GuaFp9DV7howVwoZPAVfztb.S9dTpncnLDxC3xkHQMdeHEOtSrVw8B-_ValChDfacFE&amp;dib_tag=se&amp;keywords=federico+faggin&amp;qid=1763746256&amp;sprefix=federico+faggi%2Caps%2C402&amp;sr=8-6\" target=\"_blank\" rel=\"noopener\">Oltre l'invisibile<\/a><\/em> (\u201cOltre l'invisibile\u201d). \u00c8 convinto che la sua teoria sia <em>non<\/em> filosofia astratta, ma radicata nella fisica, in particolare nella fisica quantistica. <\/p>\n\n\n\n<p>Finocchio <strong>idea centrale<\/strong> \u00e8 sorprendente: <strong>la coscienza e il libero arbitrio sono elementi fondamentali della realt\u00e0<\/strong>, non sono prodotti della chimica del cervello. \u201cLa materia non \u00e8 cosciente, e dalla materia inconscia <strong>la coscienza non pu\u00f2 emergere<\/strong>. La materia non ha il libero arbitrio, e dalla materia inanimata <strong>il libero arbitrio non pu\u00f2 emergere<\/strong>.\u201d In altre parole, la nostra esperienza soggettiva - la nostra mente, la nostra volont\u00e0 e il nostro senso di s\u00e9 - non \u00e8 qualcosa che nasce solo dai segnali elettrici dei neuroni. Faggin ritiene piuttosto che la coscienza sia una propriet\u00e0 irriducibile dell'universo, fondamentale quanto lo spazio, il tempo o l'energia.<\/p>\n\n\n\n<h2 class=\"wp-block-heading\">L'avvertimento di Federico Faggin per la generazione AI<\/h2>\n\n\n\n<p>Mescolando fisica di alto livello con il calore che solo un narratore italiano possiede, Faggin ha offerto una prospettiva distinta sull'intelligenza artificiale. Mentre il mondo \u00e8 in preda al panico per l'intelligenza artificiale che diventa cosciente, Faggin non si lascia impressionare. <em>\u201cUn computer \u00e8 come un libro\u201d.\u201d<\/em> ha detto al pubblico. <em>\u201cIl libro contiene la conoscenza, ma il libro stesso non sa nulla\u201d.\u201d<\/em>. Il suo monito \u00e8 netto: <strong>Il pericolo non \u00e8 che le macchine diventino come noi, ma che noi diventiamo come le macchine.<\/strong>. Ha ammonito che se ci affidiamo all'IA senza mantenere il nostro pensiero critico e la nostra \u201cluce interiore\u201d, rischiamo di essere \u201cschematizzati\u201d e controllati da una \u201cburocrazia cieca\u201d di algoritmi.<\/p>\n\n\n\n<h2 class=\"wp-block-heading\">Un nuovo rinascimento?<\/h2>\n\n\n\n<p>Nonostante i temi pesanti, il messaggio di Faggin al pubblico di casa \u00e8 ottimista. Ritiene che siamo sull'orlo di un \u201crisveglio spirituale\u201d - un allontanamento dal materialismo puro verso una scienza che riconosca l'anima e la coscienza come leggi fondamentali della natura. Ha auspicato un passaggio da <strong>dalla competizione alla cooperazione<\/strong>, osservando che la vera evoluzione deriva dalla comprensione del fatto che siamo tutti parte di un unico insieme interconnesso.<\/p>\n\n\n\n<p>Vedere Federico Faggin a Vicenza mi ha ricordato le radici profonde del genio italiano. \u00c8 un uomo che ha conquistato il mondo digitale per poi tornare al calore analogico della connessione umana.<\/p>\n\n\n\n<p>Come ha detto a un intervistato: <em>\u201cPer usare bene l'intelligenza artificiale, bisogna essere pi\u00f9 intelligenti dell'intelligenza artificiale\u201d.\u201d<\/em>. La vera intelligenza, insiste, non deriva dalla potenza di elaborazione, ma dall'unica cosa che una macchina non potr\u00e0 mai avere: <strong>amore<\/strong>, che egli defin\u00ec magnificamente come <em>\u201cil sapore del significato\u201d<\/em>.<\/p>\n\n\n\n<p>Per chiunque ami l'Italia, la testimonianza di Federico Faggin \u00e8 un magico promemoria del fatto che questo Paese non esporta solo prodotti, ma anche profonda umanit\u00e0.<\/p>\n\r\n\t\t\t<div id=\"daexthefu-container\"\r\n\t\t\t\tclass=\"daexthefu-container daexthefu-layout-side-by-side daexthefu-alignment-center\"\r\n\t\t\t\tdata-post-id=\"41874\">\r\n\r\n\t\t\t\t<div class=\"daexthefu-feedback\">\r\n\t\t\t\t\t<div class=\"daexthefu-text\">\r\n\t\t\t\t\t\t<h3 class=\"daexthefu-title\">\u00c8 stato utile?<\/h3>\r\n\t\t\t\t\t<\/div>\r\n\t\t\t\t\t<div class=\"daexthefu-buttons-container\">\r\n\t\t\t\t\t\t<div class=\"daexthefu-buttons\">\r\n\t\t\t\t\t\t\t\r\n\t\t\t<div class=\"daexthefu-yes daexthefu-button daexthefu-button-type-text\" data-value=\"1\">\r\n\t\t\t\t<div class=\"daexthefu-button-text\">\u2705 S\u00ec<\/div>\r\n\t\t\t<\/div>\r\n\r\n\t\t\t\t\t\t\t\t\t\t\r\n\t\t\t<div class=\"daexthefu-no daexthefu-button daexthefu-button-type-text\" data-value=\"0\">\r\n\t\t\t\t<div class=\"daexthefu-button-text\">\u274c No<\/div>\r\n\t\t\t<\/div>\r\n\r\n\t\t\t\t\t\t\t\t\t<\/div>\r\n\t\t\t\t\t<\/div>\r\n\t\t\t\t<\/div>\r\n\r\n\t\t\t\t<div class=\"daexthefu-comment\">\r\n\t\t\t\t\t<div class=\"daexthefu-comment-top-container\">\r\n\t\t\t\t\t\t<label id=\"daexthefu-comment-label\" class=\"daexthefu-comment-label\"><\/label>\r\n\t\t\t\t\t\t\t\t\t\t\t\t\t<div class=\"daexthefu-comment-character-counter-container\">\r\n\t\t\t\t\t\t\t\t<div id=\"daexthefu-comment-character-counter-number\"\r\n\t\t\t\t\t\t\t\t\tclass=\"daexthefu-comment-character-counter-number\"><\/div>\r\n\t\t\t\t\t\t\t\t<div class=\"daexthefu-comment-character-counter-text\"><\/div>\r\n\t\t\t\t\t\t\t<\/div>\r\n\t\t\t\t\t\t\t\t\t\t\t<\/div>\r\n\t\t\t\t\t<textarea id=\"daexthefu-comment-textarea\" class=\"daexthefu-comment-textarea\"\r\n\t\t\t\t\t\t\t\tplaceholder=\"Digitare il messaggio\"\r\n\t\t\t\t\t\t\t\tmaxlength=\"\t\t\t\t\t\t\t\t400\t\t\t\t\t\t\t\t\t\"><\/textarea>\r\n\t\t\t\t\t<div class=\"daexthefu-comment-buttons-container\">\r\n\t\t\t\t\t\t<button class=\"daexthefu-comment-submit daexthefu-button\">Invia<\/button>\r\n\t\t\t\t\t\t<button class=\"daexthefu-comment-cancel daexthefu-button\">Annullamento<\/button>\r\n\t\t\t\t\t<\/div>\r\n\t\t\t\t<\/div>\r\n\r\n\t\t\t\t<div class=\"daexthefu-successful-submission-text\">Grazie per il tuo feedback!<\/div>\r\n\r\n\t\t\t<\/div>","protected":false},"excerpt":{"rendered":"<p>Scopri l'affascinante viaggio di Federico Faggin, il visionario italo-americano che ha inventato il primo microprocessore, al suo ritorno a Vicenza. Faggin esplora profonde questioni relative alla tecnologia e alla coscienza, fondendo le sue intuizioni scientifiche con una profonda ricerca filosofica.<\/p>","protected":false},"author":1,"featured_media":41878,"comment_status":"closed","ping_status":"open","sticky":false,"template":"single-fullwidth.php","format":"standard","meta":{"_acf_changed":false,"_helpful_status":1,"sync_status":"","episode_type":"","audio_file":"","podmotor_file_id":"","podmotor_episode_id":"","castos_file_data":"","cover_image":"","cover_image_id":"","duration":"","filesize":"","filesize_raw":"","date_recorded":"","explicit":"","block":"","itunes_episode_number":"","itunes_title":"","itunes_season_number":"","itunes_episode_type":"","footnotes":""},"categories":[1116],"tags":[],"class_list":{"0":"post-41874","1":"post","2":"type-post","3":"status-publish","4":"format-standard","5":"has-post-thumbnail","7":"category-expat-stories"},"acf":[],"menu_order":0,"_links":{"self":[{"href":"https:\/\/magictowns.it\/it\/wp-json\/wp\/v2\/posts\/41874","targetHints":{"allow":["GET"]}}],"collection":[{"href":"https:\/\/magictowns.it\/it\/wp-json\/wp\/v2\/posts"}],"about":[{"href":"https:\/\/magictowns.it\/it\/wp-json\/wp\/v2\/types\/post"}],"author":[{"embeddable":true,"href":"https:\/\/magictowns.it\/it\/wp-json\/wp\/v2\/users\/1"}],"replies":[{"embeddable":true,"href":"https:\/\/magictowns.it\/it\/wp-json\/wp\/v2\/comments?post=41874"}],"version-history":[{"count":7,"href":"https:\/\/magictowns.it\/it\/wp-json\/wp\/v2\/posts\/41874\/revisions"}],"predecessor-version":[{"id":47767,"href":"https:\/\/magictowns.it\/it\/wp-json\/wp\/v2\/posts\/41874\/revisions\/47767"}],"wp:featuredmedia":[{"embeddable":true,"href":"https:\/\/magictowns.it\/it\/wp-json\/wp\/v2\/media\/41878"}],"wp:attachment":[{"href":"https:\/\/magictowns.it\/it\/wp-json\/wp\/v2\/media?parent=41874"}],"wp:term":[{"taxonomy":"category","embeddable":true,"href":"https:\/\/magictowns.it\/it\/wp-json\/wp\/v2\/categories?post=41874"},{"taxonomy":"post_tag","embeddable":true,"href":"https:\/\/magictowns.it\/it\/wp-json\/wp\/v2\/tags?post=41874"}],"curies":[{"name":"wp","href":"https:\/\/api.w.org\/{rel}","templated":true}]}}