{"id":39094,"date":"2025-09-05T09:29:11","date_gmt":"2025-09-05T07:29:11","guid":{"rendered":"https:\/\/magictowns.it\/?p=39094"},"modified":"2026-03-05T11:35:41","modified_gmt":"2026-03-05T10:35:41","slug":"luoghi-di-vita-di-armani-in-italia","status":"publish","type":"post","link":"https:\/\/magictowns.it\/it\/armani-life-places-in-italy\/","title":{"rendered":"Ciao, Giorgio! La vita di Armani raccontata attraverso i suoi luoghi italiani"},"content":{"rendered":"<p>Il re dell'eleganza silenziosa, Giorgio Armani, \u00e8 morto a 91 anni. In suo onore, stiamo facendo un piccolo viaggio attraverso l'Italia - non le sfilate di moda o i circuiti del jet-set, ma i luoghi reali che lo hanno plasmato. Le citt\u00e0 in cui \u00e8 cresciuto, in cui \u00e8 fuggito, in cui ha lavorato o che ha tranquillamente amato. \u00c8 la mappa della vita di un uomo, cucita insieme con moderazione, disciplina, qualche occasionale colpo di fulmine e un profondo senso della bellezza.<\/p>\n\n\n\n<figure class=\"wp-block-image size-full\"><img decoding=async data-opt-id=1775097348  fetchpriority=\"high\" src=\"https:\/\/ml4ds5noqxtv.i.optimole.com\/w:auto\/h:auto\/q:mauto\/g:sm\/f:best\/https:\/\/magictowns.it\/wp-content\/uploads\/2025\/09\/giorgio-armani.jpg\" alt=\"\" class=\"wp-image-39095\" title=\"\"><figcaption class=\"wp-element-caption\"><em>Giorgio Armany nel 2009, in una foto di Bruno Cordioli (CC BY 2.0)<\/em><\/figcaption><\/figure>\n\n\n\n<h2 class=\"wp-block-heading\"><strong>Piacenza: Radici di semplicit\u00e0 e stile<\/strong><\/h2>\n\n\n\n<p>Giorgio Armani \u00e8 nato nel 1934 nella citt\u00e0 nordica di <a href=\"https:\/\/magictowns.it\/it\/citta\/piacenza-emilia-romagna-italia\/\" data-type=\"town\" data-id=\"29079\">Piacenza<\/a>Un \"piccolo grande villaggio\", come lo descriveva con affetto. In queste strade tranquille e nella campagna circostante si radic\u00f2 l'apprezzamento di Armani per la bellezza senza pretese. La Seconda Guerra Mondiale ha toccato la sua infanzia qui - notti passate a ripararsi in cantina mentre cadevano le bombe - eppure ha trovato momenti di gioia innocente anche nelle difficolt\u00e0.<\/p>\n\n\n\n<figure class=\"wp-block-image size-large\"><img decoding=async data-opt-id=499272972  fetchpriority=\"high\" width=\"2560\" height=\"1714\" src=\"https:\/\/ml4ds5noqxtv.i.optimole.com\/w:auto\/h:auto\/q:mauto\/g:sm\/f:best\/https:\/\/magictowns.it\/wp-content\/uploads\/2025\/02\/Piacenza-in-Emilia-Romagna-Italy-scaled.jpg\" alt=\"Piacenza in Emilia-Romagna Italia\" class=\"wp-image-29080\" title=\"\" srcset=\"https:\/\/ml4ds5noqxtv.i.optimole.com\/w:1920\/h:1285\/q:mauto\/g:sm\/f:best\/https:\/\/magictowns.it\/wp-content\/uploads\/2025\/02\/Piacenza-in-Emilia-Romagna-Italy.jpg 2560w, https:\/\/ml4ds5noqxtv.i.optimole.com\/w:300\/h:201\/q:mauto\/g:sm\/f:best\/https:\/\/magictowns.it\/wp-content\/uploads\/2025\/02\/Piacenza-in-Emilia-Romagna-Italy.jpg 300w, https:\/\/ml4ds5noqxtv.i.optimole.com\/w:1024\/h:685\/q:mauto\/g:sm\/f:best\/https:\/\/magictowns.it\/wp-content\/uploads\/2025\/02\/Piacenza-in-Emilia-Romagna-Italy.jpg 1024w, https:\/\/ml4ds5noqxtv.i.optimole.com\/w:768\/h:514\/q:mauto\/g:sm\/f:best\/https:\/\/magictowns.it\/wp-content\/uploads\/2025\/02\/Piacenza-in-Emilia-Romagna-Italy.jpg 768w, https:\/\/ml4ds5noqxtv.i.optimole.com\/w:1536\/h:1028\/q:mauto\/g:sm\/f:best\/https:\/\/magictowns.it\/wp-content\/uploads\/2025\/02\/Piacenza-in-Emilia-Romagna-Italy.jpg 1536w, https:\/\/ml4ds5noqxtv.i.optimole.com\/w:1920\/h:1285\/q:mauto\/g:sm\/f:best\/https:\/\/magictowns.it\/wp-content\/uploads\/2025\/02\/Piacenza-in-Emilia-Romagna-Italy.jpg 2048w, https:\/\/ml4ds5noqxtv.i.optimole.com\/w:18\/h:12\/q:mauto\/g:sm\/f:best\/https:\/\/magictowns.it\/wp-content\/uploads\/2025\/02\/Piacenza-in-Emilia-Romagna-Italy.jpg 18w, https:\/\/ml4ds5noqxtv.i.optimole.com\/w:595\/h:398\/q:mauto\/g:sm\/f:best\/https:\/\/magictowns.it\/wp-content\/uploads\/2025\/02\/Piacenza-in-Emilia-Romagna-Italy.jpg 595w, https:\/\/ml4ds5noqxtv.i.optimole.com\/w:1920\/h:1285\/q:mauto\/g:sm\/f:best\/dpr:2\/https:\/\/magictowns.it\/wp-content\/uploads\/2025\/02\/Piacenza-in-Emilia-Romagna-Italy.jpg 2x\" sizes=\"(max-width: 1170px) 100vw, 1170px\" \/><figcaption class=\"wp-element-caption\"><em><a class=\"wpil_keyword_link\" href=\"https:\/\/magictowns.it\/it\/citta\/piacenza-emilia-romagna-italia\/\"   title=\"Piacenza\" data-wpil-keyword-link=\"linked\"  data-wpil-monitor-id=\"654\">Piacenza<\/a> in Emilia-Romagna Italia<\/em><\/figcaption><\/figure>\n\n\n\n<p>In seguito ricorder\u00e0 di aver giocato a giochi segreti in quelle notti in cantina e di essere stato terrorizzato dalle incursioni aeree diurne, anche se il fratello maggiore Sergio vi vedeva l'avventura. I forti valori familiari di Piacenza non lo abbandonarono mai: il padre era un umile impiegato dei trasporti e la madre Maria lo allev\u00f2 con disciplina e calore. Maria dirigeva persino la colonia estiva locale che mandava i ragazzi di citt\u00e0 sull'Adriatico; quando il giovane Giorgio e suo fratello vi parteciparono, \"ci mise nel dormitorio comune con tutti gli altri, e giustamente - nessun trattamento speciale\", ha raccontato. <a href=\"https:\/\/www.corriere.it\/cronache\/24_ottobre_13\/giorgio-armani-intervista-64f67122-8ed8-4171-8075-b9c96bd3fxlk.shtml\" target=\"_blank\" rel=\"noopener\">Corriere della Sera<\/a>. <\/p>\n\n\n\n<p>Questa base di correttezza e umilt\u00e0 definir\u00e0 in seguito il suo stile personale. Armani lasci\u00f2 Piacenza da adolescente, ma ne conserv\u00f2 per sempre la schiettezza provinciale - persino il suo accento, quel caratteristico&nbsp;<em>erre piacentina<\/em>\u00e8 rimasto con lui. A distanza di decenni, scherzava sul fatto che la sua preferenza per i toni tenui e terrosi derivava dal paesaggio della sua infanzia: amava il tenue grigio-marrone \"colore del fango della Trebbia\" pi\u00f9 di qualsiasi tonalit\u00e0 brillante. Nelle rive fangose del fiume e nelle modeste piazze di Piacenza,&nbsp;<em>Re Giorgio<\/em>&nbsp;per la prima volta ha imparato che l'eleganza sta nella semplicit\u00e0.<\/p>\n\n\n\n<h2 class=\"wp-block-heading\"><strong>Misano Adriatico: L'estate del primo amore<\/strong><\/h2>\n\n\n\n<p>Da ragazzo, Armani trascorreva le estati soleggiate a Misano Adriatico, sulla costa emiliano-romagnola non lontano da <a href=\"https:\/\/magictowns.it\/it\/citta\/rimini-emilia-romagna-italia\/\" data-type=\"town\" data-id=\"29228\">Rimini<\/a>. Misano negli anni '40 era un paradiso balneare di sabbia, surf e libert\u00e0 giovanile. Qui, in un campo estivo sulla costa, l'adolescente timido sbocciava tra giochi da spiaggia e prime cotte. Molti anni dopo, Armani ha rivelato un ricordo a lungo conservato di una di queste estati:\u00a0<em>\"Era sotto una pensilina sulla spiaggia di Misano Mare, alle cinque del pomeriggio, durante l'ora di riposo... Ero tra i ragazzi, e c'era un giovane consigliere che mi ha subito ispirato un sentimento d'amore\".<\/em>.<\/p>\n\n\n\n<figure class=\"wp-block-image size-full\"><img decoding=async data-opt-id=797596685  data-opt-src=\"https:\/\/ml4ds5noqxtv.i.optimole.com\/w:auto\/h:auto\/q:mauto\/g:sm\/f:best\/https:\/\/magictowns.it\/wp-content\/uploads\/2025\/09\/sea-at-Misano-Adriatico.jpg\"  src=\"data:image/svg+xml,%3Csvg%20viewBox%3D%220%200%20100%%20100%%22%20width%3D%22100%%22%20height%3D%22100%%22%20xmlns%3D%22http%3A%2F%2Fwww.w3.org%2F2000%2Fsvg%22%3E%3Crect%20width%3D%22100%%22%20height%3D%22100%%22%20fill%3D%22transparent%22%2F%3E%3C%2Fsvg%3E\" alt=\"\" class=\"wp-image-39096\" title=\"\"><figcaption class=\"wp-element-caption\"><em>Il mare a <a class=\"wpil_keyword_link\" href=\"https:\/\/magictowns.it\/it\/citta\/misano-adriatico-emilia-romagna-italia\/\" title=\"Misano Adriatico\" data-wpil-keyword-link=\"linked\" data-wpil-monitor-id=\"656\">Misano Adriatico<\/a><\/em><\/figcaption><\/figure>\n\n\n\n<p>Quell'innocente infatuazione, provata sotto il sole dell'Adriatico, fu un punto di svolta. L'esperienza rimase segreta per decenni, a dimostrazione della discrezione che Armani ha sempre mantenuto sulle questioni personali. Misano \u00e8 stato anche il luogo in cui ha vissuto il primo, pi\u00f9 convenzionale, amore da cucciolo (un'innamorata d'infanzia di nome Wanda) e le semplici gioie della vita di coppia. <em>ragazzi<\/em> in estate: passeggiate in bicicletta, nuotate, risate sotto le cabine della spiaggia. <\/p>\n\n\n\n<h2 class=\"wp-block-heading\"><strong>Milano: La creazione di un maestro<\/strong><\/h2>\n\n\n\n<p>Se Piacenza ha dato ad Armani l'umilt\u00e0, Misano gli ha dato il cuore, <a href=\"https:\/\/magictowns.it\/it\/citta\/milano-lombardia-italia\/\" data-type=\"town\" data-id=\"28750\">Milano<\/a> gli ha messo le ali. Si trasfer\u00ec a Milano nel 1949 a soli 15 anni, un ragazzo di provincia con gli occhi spalancati di fronte al trambusto della grande citt\u00e0. La Milano del dopoguerra era grintosa e vibrante, e all'inizio intimidatoria. Il giovane Giorgio si iscrisse alla facolt\u00e0 di medicina, ma le lezioni di anatomia e le sale d'ospedale ne fiaccarono lo spirito. Dopo il servizio militare, il destino (e la soffiata di un amico) lo port\u00f2 a lavorare presso La Rinascente, il grande magazzino milanese. L\u00ec, negli anni Cinquanta, Armani inizi\u00f2 a lavorare come vetrinista e merchandiser: un apprendistato poco affascinante che si rivel\u00f2 fondamentale.<\/p>\n\n\n\n<figure class=\"wp-block-image size-large\"><img decoding=async data-opt-id=539712152  data-opt-src=\"https:\/\/ml4ds5noqxtv.i.optimole.com\/w:auto\/h:auto\/q:mauto\/g:sm\/f:best\/https:\/\/magictowns.it\/wp-content\/uploads\/2025\/02\/Milano-in-Lombardia-Italy.jpeg\"  src=\"data:image/svg+xml,%3Csvg%20viewBox%3D%220%200%20100%%20100%%22%20width%3D%22100%%22%20height%3D%22100%%22%20xmlns%3D%22http%3A%2F%2Fwww.w3.org%2F2000%2Fsvg%22%3E%3Crect%20width%3D%22100%%22%20height%3D%22100%%22%20fill%3D%22transparent%22%2F%3E%3C%2Fsvg%3E\" alt=\"Milano in Lombardia Italia\" class=\"wp-image-28751\" title=\"\"><figcaption class=\"wp-element-caption\"><em>Milano ha avuto un impatto massiccio sulla vita di Giorgio Armani<\/em><\/figcaption><\/figure>\n\n\n\n<p>Ha assorbito ci\u00f2 che volevano le eleganti signore milanesi, come un abito perfettamente drappeggiato in una vetrina potesse fermare qualcuno.&nbsp;<strong>Non ha mai dimenticato quelle lezioni<\/strong>:&nbsp;<em>\"La formazione iniziale in visualizzazione e montaggio mi ha accompagnato per tutta la vita\".<\/em>, ha detto in seguito. Milano ha sbloccato la sua fiducia creativa. Nel 1965, il suo occhio attento attir\u00f2 l'attenzione dello stilista Nino Cerruti, che lo assunse per modernizzare l'abbigliamento maschile. C'\u00e8 un aneddoto affascinante: Cerruti mise alla prova il nuovo arrivato mostrandogli campioni di tessuti audaci; Armani prefer\u00ec quelli pi\u00f9 delicati, dicendo al suo capo che preferiva i toni del grigio e del grigio fango, i colori della sua infanzia piacentina in riva al fiume. Quei toni tenui sarebbero diventati una firma dell'azienda.&nbsp;<em>Look Armani<\/em>. <\/p>\n\n\n\n<p>Nel 1975, in un piccolo ufficio di Corso Venezia, lui e il suo socio Sergio Galeotti lanciano il marchio Giorgio Armani. La Milano degli anni Settanta era pronta: l'eleganza sobria e pragmatica della citt\u00e0 corrispondeva a quella di Armani. Le sue giacche destrutturate e le sue linee pulite definirono l'emergente era del power-dressing, pur incanalando l'intrinseca eleganza milanese.&nbsp;<em>sprezzatura<\/em>. Armani ha fatto Milano&nbsp;<strong>il<\/strong>&nbsp;capitale della moda negli anni Ottanta, accanto ai colleghi Versace e Ferr\u00e9. Tuttavia, nonostante la fama mondiale, \u00e8 rimasto per molti versi il riservato ragazzo piacentino: disciplinato, cortese, un po' casalingo. <\/p>\n\n\n\n<p>Armani ha costruito la sua casa e il suo quartier generale nel quartiere Brera di Milano, a pochi passi dall'apertura della sua prima boutique. I colleghi lo vedevano spesso nuotare ogni mattina e lavorare fino a tarda notte sotto le arcate di pietra di&nbsp;<em>Palazzo Orsini<\/em>Milano, sede della sua azienda. Milano non \u00e8 stata solo il luogo in cui Giorgio Armani ha costruito un impero, ma anche il luogo in cui \u00e8 diventato \"Re Giorgio\", il re della moda italiana, grazie al duro lavoro, al gusto impeccabile e alla fedelt\u00e0 a se stesso.<\/p>\n\n\n\n<h2 class=\"wp-block-heading\"><strong>Roma: Innamorati del grande schermo<\/strong><\/h2>\n\n\n\n<p>Il rapporto di Armani con <a href=\"https:\/\/magictowns.it\/it\/citta\/roma-lazio-italia\/\" data-type=\"town\" data-id=\"29575\">Roma<\/a> non si trattava tanto di residenza quanto di <em>la grande bellezza<\/em> - la grande bellezza del cinema. Da bambino, a Piacenza, trascorreva i sacri pomeriggi al cinema con la famiglia, con gli occhi incollati al mondo glamour di Hollywood. Si era innamorato del cinema molto prima di disegnare un capo di abbigliamento. In seguito ha ricordato i classici del neorealismo italiano - i film di Vittorio De Sica\u00a0<em>Ladri di biciclette<\/em>, il film di Rossellini\u00a0<em>Roma, citt\u00e0 aperta<\/em>\u00a0- ha dichiarato che si trattava di \"film ricchi di sfumature drammatiche ed estetiche, sempre pervasi da un senso di rigore e dignit\u00e0 che, per me, esprimeva il vero spirito di quegli anni difficili\". Questo senso del dramma cinematografico si ritrova nel suo lavoro.<\/p>\n\n\n\n<p>A vent'anni Armani ha compiuto una sorta di pellegrinaggio agli studi di Cinecitt\u00e0 a Roma. Si aggirava per i favolosi set con gli occhi spalancati, \"pieno di meraviglia... la fabbrica dei sogni\", ha detto, e per un momento ha persino fantasticato di diventare attore o regista. Anche se la moda alla fine lo ha conquistato, il cinema sarebbe diventato uno dei suoi pi\u00f9 grandi mezzi di comunicazione. Armani strinse profonde amicizie con registi e star del cinema; le prime cinematografiche della Citt\u00e0 Eterna spesso si trasformavano in passerelle non ufficiali di Armani. <\/p>\n\n\n\n<figure class=\"wp-block-image size-full\"><img decoding=async data-opt-id=879107393  data-opt-src=\"https:\/\/ml4ds5noqxtv.i.optimole.com\/w:auto\/h:auto\/q:mauto\/g:sm\/f:best\/https:\/\/magictowns.it\/wp-content\/uploads\/2025\/09\/entrance_to_cinecitta.jpg\"  src=\"data:image/svg+xml,%3Csvg%20viewBox%3D%220%200%20100%%20100%%22%20width%3D%22100%%22%20height%3D%22100%%22%20xmlns%3D%22http%3A%2F%2Fwww.w3.org%2F2000%2Fsvg%22%3E%3Crect%20width%3D%22100%%22%20height%3D%22100%%22%20fill%3D%22transparent%22%2F%3E%3C%2Fsvg%3E\" alt=\"\" class=\"wp-image-39098\" title=\"\"><figcaption class=\"wp-element-caption\"><em>L'ingresso di Cinecitt\u00e0 in una foto di ihortal.es<\/em><\/figcaption><\/figure>\n\n\n\n<p>Forse il pi\u00f9 famoso \u00e8 stato un film hollywoodiano che lo ha catapultato alla ribalta internazionale: 1980&nbsp;<em>American Gigolo<\/em>. Giorgio vest\u00ec personalmente Richard Gere con un guardaroba Armani ormai iconico - giacche facili e drappeggiate, camicie sbottonate al punto giusto - e improvvisamente tutto il mondo volle quel look soave, da Vacanze Romane e da Beverly Hills. Da quel momento in poi, Armani \u00e8 stato un punto di riferimento per il design dei costumi, collaborando a film come&nbsp;<strong>Gli Intoccabili<\/strong>&nbsp;a&nbsp;<strong>Gattaca<\/strong>e acconciare un Who's Who di attori fuori dallo schermo. Nelle sale di Cinecitt\u00e0 a Roma, era trattato come uno dei cineasti. <\/p>\n\n\n\n<p>Tuttavia, una delle storie pi\u00f9 tenere che legano Armani a Roma \u00e8 arrivata tardi nella sua vita: a 90 anni, <a href=\"https:\/\/graziamagazine.com\/articles\/giorgio-armani-on-his-love-of-cinema\/\" target=\"_blank\" rel=\"noopener\">in un'intervista a Grazia<\/a>Si paragonava a un direttore d'orchestra, che esplorava sempre nuove variazioni su temi familiari - un cenno, forse, a come vedeva la moda e il cinema come arti parallele. Sui tappeti rossi di Roma, Gina Lollobrigida e Sophia Loren hanno sfilato con i suoi abiti; a Cinecitt\u00e0, ha assorbito la magia che alimentava la sua immaginazione. Giorgio Armani sar\u00e0 anche milanese d'adozione, ma nel suo cuore c'era un romano che amava le grandi storie e l'eleganza cinematografica.<\/p>\n\n\n\n<h2 class=\"wp-block-heading\"><strong>Venezia: L'eleganza sul palcoscenico del mondo<\/strong><\/h2>\n\n\n\n<p>\u00c8 difficile pensare a <a href=\"https:\/\/magictowns.it\/it\/citta\/venezia-veneto-italia\/\" data-type=\"town\" data-id=\"23823\">Venezia<\/a> - opulenta, romantica e scintillante Venezia, senza immaginare l'elegante presenza di Armani. Era un habitu\u00e9 del <a class=\"wpil_keyword_link\" href=\"https:\/\/magictowns.it\/it\/citta\/venezia-veneto-italia\/\" title=\"Venezia\" data-wpil-keyword-link=\"linked\" data-wpil-monitor-id=\"655\">Venezia<\/a> Festival del Cinema, dove ogni anno i tappeti rossi del Lido sono impreziositi da star che indossano le sue creazioni. Armani aveva un particolare affetto per le attrici forti e aggraziate, e loro per lui. Cate Blanchett, ad esempio, ha scelto Armani per innumerevoli anteprime; egli ammirava lei e la collega vincitrice dell'Oscar Nicole Kidman come incarnazioni dei suoi ideali, affermando che il loro \"fascino estremo e la loro personalit\u00e0\" riflettono perfettamente lo spirito del suo marchio.<\/p>\n\n\n\n<figure class=\"wp-block-image size-full\"><img decoding=async data-opt-id=364301966  data-opt-src=\"https:\/\/ml4ds5noqxtv.i.optimole.com\/w:auto\/h:auto\/q:mauto\/g:sm\/f:best\/https:\/\/magictowns.it\/wp-content\/uploads\/2025\/09\/Palazzo_del_Cinema_Venezia_2021_1.jpg\"  src=\"data:image/svg+xml,%3Csvg%20viewBox%3D%220%200%20100%%20100%%22%20width%3D%22100%%22%20height%3D%22100%%22%20xmlns%3D%22http%3A%2F%2Fwww.w3.org%2F2000%2Fsvg%22%3E%3Crect%20width%3D%22100%%22%20height%3D%22100%%22%20fill%3D%22transparent%22%2F%3E%3C%2Fsvg%3E\" alt=\"\" class=\"wp-image-39099\" title=\"\"><figcaption class=\"wp-element-caption\"><em>Il Palazzo del Cinema di Venezia<\/em><\/figcaption><\/figure>\n\n\n\n<p>Venezia apprezzava questo tipo di stile senza tempo. In cambio, Armani ha spesso usato la citt\u00e0 come sfondo per grandi momenti. Nel 1990 ha allestito una leggendaria sfilata di moda al Teatro Fenice e nel corso degli anni ha sponsorizzato mostre d'arte e cene di gala nei palazzi veneziani. Anche quando le tendenze andavano e venivano, lui rimaneva il maestro del glamour sobrio, una qualit\u00e0 molto in sintonia con la sbiadita grandezza e la resilienza di Venezia. Infatti, nel suo ultimo atto di comunione con la citt\u00e0, Giorgio Armani ha scelto Venezia per svelare uno dei suoi progetti pi\u00f9 personali. <\/p>\n\n\n\n<p>Pochi giorni prima della sua scomparsa, avvenuta nel 2025, aveva lanciato&nbsp;<strong>Armani\/Archivio<\/strong>un museo-archivio digitale di 50 anni del suo lavoro. \u00c8 stato uno struggente momento di svolta: il ragazzo che un tempo si meravigliava delle star del cinema ha concluso il suo viaggio conservando la sua eredit\u00e0 nel bel mezzo di un festival che celebra l'arte e il cinema. La sera dell'inaugurazione del festival, mentre le luci del Palazzo del Cinema si riflettevano sull'Adriatico, molti hanno notato la sedia vuota dove di solito sedeva Giorgio Armani.<\/p>\n\n\n\n<h2 class=\"wp-block-heading\"><strong>Pantelleria: Solitudine, fuoco e riflessione<\/strong><\/h2>\n\n\n\n<p>In netto contrasto con il vortice sociale di Venezia, Giorgio Armani trov\u00f2 rifugio nella remota isola di Pantelleria. Per oltre quarant'anni, Pantelleria - un piccolo punto vulcanico tra la Sicilia e la Tunisia - \u00e8 stata il suo rifugio privato. Qui Armani non era l'imperatore della moda o l'ospite di gala delle celebrit\u00e0; era semplicemente Giorgio, un isolano soddisfatto che curava i suoi giardini in camicie di lino e sandali. <\/p>\n\n\n\n<p>Scopr\u00ec Pantelleria all'inizio degli anni '80 e, come suo solito, acquist\u00f2 un gruppo di vecchie case diroccate.&nbsp;<strong>dammusi<\/strong>&nbsp;(case tradizionali in pietra) da ristrutturare secondo il suo stile. Il risultato \u00e8 stato un rifugio da sogno a Cala Gadir: sette dammusi bassi a cupola bianca tra 200 palme, agrumeti e un vigneto dove produce un vino passito dolce chiamato \"Oasi\". Ha raccontato di aver guardato il cielo limpido della notte di Pantelleria e di aver sentito \"un silenzio puro\" che ha ricaricato la sua anima.<\/p>\n\n\n\n<figure class=\"wp-block-image size-full\"><img decoding=async data-opt-id=115066034  data-opt-src=\"https:\/\/ml4ds5noqxtv.i.optimole.com\/w:auto\/h:auto\/q:mauto\/g:sm\/f:best\/https:\/\/magictowns.it\/wp-content\/uploads\/2025\/09\/bay-of-gadir-in-pantelleria.jpg\"  src=\"data:image/svg+xml,%3Csvg%20viewBox%3D%220%200%20100%%20100%%22%20width%3D%22100%%22%20height%3D%22100%%22%20xmlns%3D%22http%3A%2F%2Fwww.w3.org%2F2000%2Fsvg%22%3E%3Crect%20width%3D%22100%%22%20height%3D%22100%%22%20fill%3D%22transparent%22%2F%3E%3C%2Fsvg%3E\" alt=\"\" class=\"wp-image-39100\" title=\"\"><figcaption class=\"wp-element-caption\"><em>Una vista della baia di Gadir a Pantelleria, dove si trova la casa estiva di Armani<\/em><\/figcaption><\/figure>\n\n\n\n<p>Pantelleria ha fatto emergere anche il lato avventuroso e terreno di Armani. La gente del posto lo vedeva guidare la sua Jeep su strade polverose o contrattare con i pescatori per il pescato del giorno al porto.&nbsp;<em>\"Vengo su quest'isola da decenni, mi sento un suo cittadino\".<\/em>&nbsp;ha scritto al sindaco di Pantelleria nel 2022, elogiando la \"qualit\u00e0 umana unica e vibrante\" della gente. <\/p>\n\n\n\n<p>Quell'anno Pantelleria mise alla prova il suo amore: nell'agosto del 2022 scoppi\u00f2 un enorme incendio che minacci\u00f2 le case di tutta l'isola. Armani si trovava nella sua villa quella sera e fu uno dei primi a scorgere il bagliore rosso delle fiamme in lontananza. Ha dato l'allarme e ha aiutato a evacuare vicini e amici. Nel caos, lui e i suoi ospiti sono fuggiti in auto verso il porto e sulla sua barca per mettersi in salvo. Per un po' di tempo nessuno riusc\u00ec a trovare Giorgio, finch\u00e9 non riapparve, sporco di fuliggine ma calmo. Solo in seguito ammise di essere tornato di corsa alla villa per recuperare qualcosa: non denaro o gioielli, ma un prezioso anello di diamanti regalatogli dall'amico di lunga data Leo Dell'Orco.&nbsp;<em>\"Eccolo qui\".<\/em>&nbsp;<a href=\"https:\/\/www.corriere.it\/cronache\/24_ottobre_13\/giorgio-armani-intervista-64f67122-8ed8-4171-8075-b9c96bd3fxlk.shtml\" target=\"_blank\" rel=\"noopener\">ha detto in seguito<\/a>mostrando l'anello al dito.&nbsp;<em>\"Leo me l'ha regalata e io ho dovuto salvarla\".<\/em>. <\/p>\n\n\n\n<p>\u00c8 stato un classico gesto di Armani: dare valore alla lealt\u00e0 e all'amore pi\u00f9 che agli oggetti, anche in caso di crisi. Fortunatamente, i vigili del fuoco salvarono i suoi dammusi e i vigneti dell'isola, e Armani fece immediatamente una generosa donazione per aiutare la ripresa di Pantelleria. Nei mesi successivi, trascorse pi\u00f9 tempo che mai sull'isola, godendo della sua tranquillit\u00e0 curativa. I vicini raccontano che faceva le sue nuotate mattutine nelle insenature turchesi e amava ospitare semplici cene a base di spaghetti alle vongole sotto le stelle. <\/p>\n\n\n\n<p>Pantelleria \u00e8 il luogo in cui Giorgio Armani ha potuto spogliarsi delle aspettative del mondo e&nbsp;<em>essere<\/em>. \u00c8 stato anche il luogo in cui ha trascorso alcuni dei suoi ultimi giorni d'estate. In quel paradiso selvaggio, tra silenzio e brezza marina, il leggendario designer era semplicemente un uomo in pace, riflessivo, riservato e circondato dalla bellezza naturale che amava.<\/p>\n\n\n\n<hr class=\"wp-block-separator has-alpha-channel-opacity\"\/>\n\n\n\n<p>In ognuno di questi luoghi -&nbsp;<strong>Piacenza, Misano Adriatico, Milano, Roma, Venezia,<\/strong>&nbsp;e&nbsp;<strong>Pantelleria<\/strong>&nbsp;- Giorgio Armani ha lasciato un'impronta indelebile come quella che hanno lasciato su di lui. Il suo viaggio si legge come un'autobiografia geografica: una costellazione di citt\u00e0 italiane che insieme hanno formato il tessuto della sua vita. Dall'infanzia a caccia di lucciole sul fiume Po alla fama mondiale sotto i riflettori di Milano; dal giovane amore su una spiaggia dell'Adriatico alle standing ovation a Venezia; dai sogni cinematografici a Roma ai tramonti contemplativi su un'isola minuscola: la storia di Giorgio Armani \u00e8 stata intessuta nella mappa stessa dell'Italia. <\/p>\n\r\n\t\t\t<div id=\"daexthefu-container\"\r\n\t\t\t\tclass=\"daexthefu-container daexthefu-layout-side-by-side daexthefu-alignment-center\"\r\n\t\t\t\tdata-post-id=\"39094\">\r\n\r\n\t\t\t\t<div class=\"daexthefu-feedback\">\r\n\t\t\t\t\t<div class=\"daexthefu-text\">\r\n\t\t\t\t\t\t<h3 class=\"daexthefu-title\">\u00c8 stato utile?<\/h3>\r\n\t\t\t\t\t<\/div>\r\n\t\t\t\t\t<div class=\"daexthefu-buttons-container\">\r\n\t\t\t\t\t\t<div class=\"daexthefu-buttons\">\r\n\t\t\t\t\t\t\t\r\n\t\t\t<div class=\"daexthefu-yes daexthefu-button daexthefu-button-type-text\" data-value=\"1\">\r\n\t\t\t\t<div class=\"daexthefu-button-text\">\u2705 S\u00ec<\/div>\r\n\t\t\t<\/div>\r\n\r\n\t\t\t\t\t\t\t\t\t\t\r\n\t\t\t<div class=\"daexthefu-no daexthefu-button daexthefu-button-type-text\" data-value=\"0\">\r\n\t\t\t\t<div class=\"daexthefu-button-text\">\u274c No<\/div>\r\n\t\t\t<\/div>\r\n\r\n\t\t\t\t\t\t\t\t\t<\/div>\r\n\t\t\t\t\t<\/div>\r\n\t\t\t\t<\/div>\r\n\r\n\t\t\t\t<div class=\"daexthefu-comment\">\r\n\t\t\t\t\t<div class=\"daexthefu-comment-top-container\">\r\n\t\t\t\t\t\t<label id=\"daexthefu-comment-label\" class=\"daexthefu-comment-label\"><\/label>\r\n\t\t\t\t\t\t\t\t\t\t\t\t\t<div class=\"daexthefu-comment-character-counter-container\">\r\n\t\t\t\t\t\t\t\t<div id=\"daexthefu-comment-character-counter-number\"\r\n\t\t\t\t\t\t\t\t\tclass=\"daexthefu-comment-character-counter-number\"><\/div>\r\n\t\t\t\t\t\t\t\t<div class=\"daexthefu-comment-character-counter-text\"><\/div>\r\n\t\t\t\t\t\t\t<\/div>\r\n\t\t\t\t\t\t\t\t\t\t\t<\/div>\r\n\t\t\t\t\t<textarea id=\"daexthefu-comment-textarea\" class=\"daexthefu-comment-textarea\"\r\n\t\t\t\t\t\t\t\tplaceholder=\"Digitare il messaggio\"\r\n\t\t\t\t\t\t\t\tmaxlength=\"\t\t\t\t\t\t\t\t400\t\t\t\t\t\t\t\t\t\"><\/textarea>\r\n\t\t\t\t\t<div class=\"daexthefu-comment-buttons-container\">\r\n\t\t\t\t\t\t<button class=\"daexthefu-comment-submit daexthefu-button\">Invia<\/button>\r\n\t\t\t\t\t\t<button class=\"daexthefu-comment-cancel daexthefu-button\">Annullamento<\/button>\r\n\t\t\t\t\t<\/div>\r\n\t\t\t\t<\/div>\r\n\r\n\t\t\t\t<div class=\"daexthefu-successful-submission-text\">Grazie per il tuo feedback!<\/div>\r\n\r\n\t\t\t<\/div>","protected":false},"excerpt":{"rendered":"<p>Giorgio Armani, l'incarnazione della tranquilla eleganza, \u00e8 morto a 91 anni. Un viaggio attraverso le citt\u00e0 italiane che hanno plasmato la sua vita, da Piacenza a Milano.<\/p>","protected":false},"author":6,"featured_media":39095,"comment_status":"closed","ping_status":"open","sticky":false,"template":"single-fullwidth.php","format":"standard","meta":{"_acf_changed":false,"_helpful_status":1,"sync_status":"","episode_type":"","audio_file":"","podmotor_file_id":"","podmotor_episode_id":"","castos_file_data":"","cover_image":"","cover_image_id":"","duration":"","filesize":"","filesize_raw":"","date_recorded":"","explicit":"","block":"","itunes_episode_number":"","itunes_title":"","itunes_season_number":"","itunes_episode_type":"","footnotes":""},"categories":[32,1323],"tags":[1307,1308,1310,1309,1311,1312],"class_list":{"0":"post-39094","1":"post","2":"type-post","3":"status-publish","4":"format-standard","5":"has-post-thumbnail","7":"category-culture","8":"category-how-italy-works","9":"tag-giorgio-armani","10":"tag-milan","11":"tag-pantelleria","12":"tag-piacenza","13":"tag-rimini","14":"tag-venice"},"acf":[],"menu_order":0,"_links":{"self":[{"href":"https:\/\/magictowns.it\/it\/wp-json\/wp\/v2\/posts\/39094","targetHints":{"allow":["GET"]}}],"collection":[{"href":"https:\/\/magictowns.it\/it\/wp-json\/wp\/v2\/posts"}],"about":[{"href":"https:\/\/magictowns.it\/it\/wp-json\/wp\/v2\/types\/post"}],"author":[{"embeddable":true,"href":"https:\/\/magictowns.it\/it\/wp-json\/wp\/v2\/users\/6"}],"replies":[{"embeddable":true,"href":"https:\/\/magictowns.it\/it\/wp-json\/wp\/v2\/comments?post=39094"}],"version-history":[{"count":4,"href":"https:\/\/magictowns.it\/it\/wp-json\/wp\/v2\/posts\/39094\/revisions"}],"predecessor-version":[{"id":39450,"href":"https:\/\/magictowns.it\/it\/wp-json\/wp\/v2\/posts\/39094\/revisions\/39450"}],"wp:featuredmedia":[{"embeddable":true,"href":"https:\/\/magictowns.it\/it\/wp-json\/wp\/v2\/media\/39095"}],"wp:attachment":[{"href":"https:\/\/magictowns.it\/it\/wp-json\/wp\/v2\/media?parent=39094"}],"wp:term":[{"taxonomy":"category","embeddable":true,"href":"https:\/\/magictowns.it\/it\/wp-json\/wp\/v2\/categories?post=39094"},{"taxonomy":"post_tag","embeddable":true,"href":"https:\/\/magictowns.it\/it\/wp-json\/wp\/v2\/tags?post=39094"}],"curies":[{"name":"wp","href":"https:\/\/api.w.org\/{rel}","templated":true}]}}