{"id":26243,"date":"2024-12-26T12:54:01","date_gmt":"2024-12-26T11:54:01","guid":{"rendered":"https:\/\/magictowns.it\/?p=26243"},"modified":"2026-03-05T11:37:15","modified_gmt":"2026-03-05T10:37:15","slug":"5-feste-medievali-in-veneto","status":"publish","type":"post","link":"https:\/\/magictowns.it\/it\/5-medieval-festivals-in-veneto\/","title":{"rendered":"5 Festival medievali in Veneto che vi faranno sentire come se foste tornati indietro nel tempo"},"content":{"rendered":"<p>Le feste medievali in Veneto sono un modo meraviglioso per vivere tradizioni che esistono da secoli. Potrete passeggiare per le strade storiche con musica e bancarelle, osservare cavalieri in armatura che si sfidano in emozionanti battaglie e partecipare a eventi che fanno rivivere il passato dell'Italia. Questi festival vi danno la possibilit\u00e0 di vedere com'era la vita nel Medioevo e di godere dell'atmosfera unica della regione.<\/p>\n\n\n\n<p>In questo post, condivider\u00f2 5 feste medievali del Veneto che vi permetteranno di immergervi nella sua storia e di scoprire il suo vero carattere.<\/p>\n\n\n\n<p><strong>Punti di forza<\/strong><\/p>\n\n\n\n<ul class=\"wp-block-list\">\n<li>Le feste medievali in Veneto presentano l'interessante storia e le tradizioni dell'Italia, con sfilate vivaci, costumi medievali ed eventi unici come le corse di cavalli, le corse in barca o le degustazioni di vino.<\/li>\n\n\n\n<li>I festival offrono attivit\u00e0 coinvolgenti per visitatori di tutte le et\u00e0, tra cui <strong>sfilate<\/strong>, <strong>giochi<\/strong>, e <strong>mostre culturali<\/strong>e sono quindi adatti alle famiglie.<\/li>\n\n\n\n<li>Molti festival si svolgono da<strong> dalla primavera all'inizio dell'autunno<\/strong>Questo \u00e8 il momento ideale per esplorare le citt\u00e0 storiche del Veneto e godersi l'atmosfera vibrante.<\/li>\n<\/ul>\n\n\n\n<h2 class=\"wp-block-heading\"><strong>Palio dei Dieci Comuni A Montagnana<\/strong><\/h2>\n\n\n\n<p>Palio dei Dieci Comuni in <a href=\"https:\/\/magictowns.it\/it\/citta\/montagnana-veneto-italia\/\">Montagnana<\/a> \u00e8 un festival di corse di cavalli noto come <strong>Palio<\/strong> in italiano. Questa festa medievale risale al XIII secolo, quando Da <a class=\"wpil_keyword_link\" href=\"https:\/\/magictowns.it\/it\/citta\/carrara-toscana-italia\/\"   title=\"Carrara\" data-wpil-keyword-link=\"linked\"  data-wpil-monitor-id=\"870\">Carrara<\/a> sconfisse le truppe veronesi il 3 agosto 1337. In italiano, <strong>\"Dieci\"<\/strong> si traduce nel numero <strong>\u201c10,\u201d<\/strong> che simboleggia le dieci comunit\u00e0 che sconfissero Veronese e circondarono Montagnana.<\/p>\n\n\n\n<figure class=\"wp-block-image alignnone\"><img decoding=async data-opt-id=424735043  fetchpriority=\"high\" src=\"https:\/\/lh7-rt.googleusercontent.com\/docsz\/AD_4nXcJHdRlRucBfBdf25zKdsPEaDqF75rgbcVpyvlSo2kPfXhbKmK0jLi23E-6ePxXlFLhWadO1QUBbtLkb7Nh3jgnZojjty81RuQeFvAeHF7dLd1DnzmjU1ijvPxIXqYmUscQwrfkPw?key=o16YowQESuCQPeo2qFrUw-C1\" alt=\"Festa medievale in Veneto\" class=\"wp-image-4953\" title=\"\"><figcaption class=\"wp-element-caption\"><span style=\"font-size:11pt;font-family:Arial,sans-serif;color:#000000;background-color:transparent;font-weight:400;font-style:normal;font-variant:normal;text-decoration:none;vertical-align:baseline;white-space:pre;white-space:pre-wrap;\"> Gara di cavalli a pelo<\/span><\/figcaption><\/figure>\n\n\n\n<p>Ogni anno, questo <strong>corsa di cavalli a pelo<\/strong> si celebra intorno alle mura di Montagnana, dove partecipano cavalieri provenienti da tutte le 10 comunit\u00e0. Questa corsa di cavalli \u00e8 molto emozionante e fa salire l'adrenalina, con i cavalieri che si lanciano l'uno contro l'altro, cercando di conquistare il primo posto.<\/p>\n\n\n\n<p>\u00c8 orgogliosamente caratterizzata da una vibrante parata in cui i partecipanti indossano abiti medici decorati, mettendo in mostra la loro moda storica. Pertanto, se amate la storia, questo festival \u00e8 la scelta migliore e una visita obbligata per voi, in quanto fornisce una visione del passato e della cultura iconica dell'Italia. <\/p>\n\n\n\n<p>Durante l'evento \u00e8 possibile visitare anche mostre di pittura a tema medievale.<\/p>\n\n\n\n<p><strong>Periodo dell'evento:<\/strong> Dal 24 agosto al 1\u00b0 settembre<\/p>\n\n\n\n<p><strong>Posizione: <\/strong>Fuori dalle mura di Montagnana<\/p>\n\n\n\n<h2 class=\"wp-block-heading\"><strong>Sagra di San Marco a Bardolino<\/strong><\/h2>\n\n\n\n<p>Le Feste Medievali in Veneto sono note per la loro storia e le loro tradizioni, e <a class=\"wpil_keyword_link\" href=\"https:\/\/magictowns.it\/it\/citta\/bardolino-veneto-italia\/\"   title=\"Bardolino\" data-wpil-keyword-link=\"linked\"  data-wpil-monitor-id=\"869\">Bardolino<\/a>Il 25 aprile si celebra una delle feste pi\u00f9 famose d'Italia. I veneziani onorano il loro San Marco (Link esterno), il patrono della citt\u00e0 di Venezia. <a class=\"wpil_keyword_link\" href=\"https:\/\/magictowns.it\/it\/citta\/venezia-veneto-italia\/\"   title=\"Venezia\" data-wpil-keyword-link=\"linked\"  data-wpil-monitor-id=\"871\">Venezia<\/a>e intitolare a lui la Sagra di San Marco. Il 25 aprile \u00e8 un giorno di orgoglio e di onore, che segna la fine della Seconda Guerra Mondiale e del fascismo nel Paese.<\/p>\n\n\n\n<figure class=\"wp-block-image alignnone\"><img decoding=async data-opt-id=1133235402  fetchpriority=\"high\" src=\"https:\/\/lh7-rt.googleusercontent.com\/docsz\/AD_4nXeUT00G_D8nnVCc0445NZbUAS5HXIS8t1HFpVALOJhGxAH43ytrpdTkaBgH6b0RxQbE7MnJm96dT2gTIJ83b8hkbsOzGurwZ48dBDfwxxAy2qfFO8Du2M1aTs6XmPeQeDgKvRLv?key=o16YowQESuCQPeo2qFrUw-C1\" alt=\"Festival Medievale\" class=\"wp-image-4955\" title=\"\"><figcaption class=\"wp-element-caption\"><span style=\"font-size:11pt;font-family:Arial,sans-serif;color:#000000;background-color:transparent;font-weight:400;font-style:normal;font-variant:normal;text-decoration:none;vertical-align:baseline;white-space:pre;white-space:pre-wrap;\"> Bardolino San Marco<\/span><\/figcaption><\/figure>\n\n\n\n<p>Porta gioia e senso di libert\u00e0, soprattutto per i veneziani. Gli abitanti e i visitatori celebrano alcune tradizioni legate al Santo e tengono cerimonie religiose a Bardolino, dove pregano per la benevolenza della citt\u00e0 e dei suoi abitanti.<\/p>\n\n\n\n<figure class=\"wp-block-image alignnone\"><img decoding=async data-opt-id=1385939052  src=\"https:\/\/lh7-rt.googleusercontent.com\/docsz\/AD_4nXe-_J6Qsmq9UQh1Uhf9SLJCGOswsDSEkQ0WfUmiGREW7cqVYxIASidUx8jnj073bWGIgAXguBJXIbFfPEan9QpGD8M2WgGvNIN44odp9QQUrcX3ygTvwfONNFHCgXt82V7GDGxI2g?key=o16YowQESuCQPeo2qFrUw-C1\" alt=\"Festival Medievale\" class=\"wp-image-4954\" title=\"\"><figcaption class=\"wp-element-caption\"><span style=\"font-size:11pt;font-family:Arial,sans-serif;color:#000000;background-color:transparent;font-weight:400;font-style:normal;font-variant:normal;text-decoration:none;vertical-align:baseline;white-space:pre;white-space:pre-wrap;\"> Degustazione di vini a Bardolino<\/span><\/figcaption><\/figure>\n\n\n\n<p>Inoltre, la citt\u00e0 si illumina con parate e sventolii di bandiere, in cui la gente celebra la propria musica, identit\u00e0 e patrimonio. <\/p>\n\n\n\n<p>Il momento culminante della Festa Medievale in Veneto \u00e8 la famosa <strong>cerimonia di degustazione dei vini <\/strong>a Bardolino, dove abitanti e visitatori si riuniscono per celebrare la ricca tradizione vinicola della regione.<\/p>\n\n\n\n<p><strong>Periodo dell'evento:<\/strong> Evento di un giorno 24 aprile<\/p>\n\n\n\n<p><strong>Posizione:<\/strong> Piazza del Porto, Chiesa di San Savero<\/p>\n\n\n\n<h2 class=\"wp-block-heading\"><strong>Fiera dell'Oggetto Ritrovato A Feltre<\/strong><\/h2>\n\n\n\n<p>Una delle feste medievali pi\u00f9 importanti del Veneto \u00e8 la Fiera dell'Oggetto Ritrovato, nota anche come <strong><a href=\"https:\/\/magictowns.it\/it\/citta\/feltre-veneto-italia\/\">Feltre<\/a>Mercato dell'antiquariato<\/strong>. Questo evento \u00e8 organizzato per promuovere gli oggetti vecchi e usati, per dare loro una seconda vita invece di buttarli via. Inoltre, promuove l'importanza ambientale di rispettare le tre R: Riutilizzare, Riciclare e Ridurre.<\/p>\n\n\n\n<figure class=\"wp-block-image alignnone\"><img decoding=async data-opt-id=819574083  src=\"https:\/\/lh7-rt.googleusercontent.com\/docsz\/AD_4nXckvReUcvpidS6urOqqja8DlHiTsdrFnFagWmnk5994tV_M3oFIPbg1hDnkDfBEfTTs8yQnNtI94lE6DesSx2zAbX5PlFL4by7FhUXonqqGyLXyFp1sHSHhcZNiZQMU339qU2Bndw?key=o16YowQESuCQPeo2qFrUw-C1\" alt=\"\" class=\"wp-image-4956\" title=\"\"><figcaption class=\"wp-element-caption\"><span style=\"font-size:11pt;font-family:Arial,sans-serif;color:#000000;background-color:transparent;font-weight:400;font-style:normal;font-variant:normal;text-decoration:none;vertical-align:baseline;white-space:pre;white-space:pre-wrap;\"> Fiera dell'Oggetto Ritrovato<\/span><\/figcaption><\/figure>\n\n\n\n<p><span style=\"box-sizing: border-box; margin: 0px; padding: 0px;\">L'evento si svolge ogni seconda domenica del mese da&nbsp;<strong>Da aprile a dicembre<\/strong>e si sta svolgendo proprio in questi giorni in Veneto, quindi vi suggerisco di partecipare se la vostra visita avviene in De<\/span>dicembre. Si svolge non una ma tre volte, ognuna delle quali aggiunge ulteriore felicit\u00e0 alle celebrazioni natalizie.<\/p>\n\n\n\n<p><strong>Piazza Maggiore <\/strong>\u00e8 il luogo in cui i negozianti allestiscono le bancarelle, circondate dalle mura medievali di<strong> Castello di Albino.<\/strong> Questo mercato presenta un fascino storico unico, con articoli vari, dall'antiquariato agli abiti vintage, provenienti dalla zona o da tutto il mondo.<\/p>\n\n\n\n<figure class=\"wp-block-image alignnone\"><img decoding=async data-opt-id=1098250557  src=\"https:\/\/lh7-rt.googleusercontent.com\/docsz\/AD_4nXdF8kDmgC7EiQOUk0kMv-NrZGGuGmDVB_hw6LWAKHqu6XKHoeLIAhzWLhDMZh5SdKGSroSdgWpNue_athynZyBOyBThn-zLkj4_2sEPQ_Rn22PsQTfXzRAfgasXm1-cwRlfqGUMBw?key=o16YowQESuCQPeo2qFrUw-C1\" alt=\"\" class=\"wp-image-4957\" title=\"\"><figcaption class=\"wp-element-caption\"><span style=\"font-size:11pt;font-family:Arial,sans-serif;color:#000000;background-color:transparent;font-weight:400;font-style:normal;font-variant:normal;text-decoration:none;vertical-align:baseline;white-space:pre;white-space:pre-wrap;\"> Bancarelle a Feltre<\/span> <\/figcaption><\/figure>\n\n\n\n<p><strong>Periodo dell'evento:<\/strong> Inizia ad aprile e termina a dicembre.<\/p>\n\n\n\n<p><strong>Date nel 2024:<\/strong> Aprile <strong>14\u00b0<\/strong>, maggio <strong>12\u00b0<\/strong>, giugno <strong>9\u00b0<\/strong>, luglio <strong>14\u00b0<\/strong>, agosto <strong>11\u00b0<\/strong>, settembre <strong>8\u00b0<\/strong>, ottobre <strong>13\u00b0<\/strong>, novembre <strong>10\u00b0<\/strong>, dicembre <strong>8<\/strong>, <strong>15<\/strong>, <strong>22<\/strong>.<\/p>\n\n\n\n<h2 class=\"wp-block-heading\"><strong>Palio delle Contrade a Garda<\/strong><\/h2>\n\n\n\n<p>Il Palio delle Contrade di <a href=\"https:\/\/magictowns.it\/it\/citta\/garda-veneto-italia\/\">Garda<\/a> \u00e8 uno dei 5 migliori Festival Medievali del Veneto. La comunit\u00e0 locale dei pescatori del Garda celebra questa festa ogni anno il <strong>15 agosto<\/strong>. Questo evento risale a oltre 50 anni fa ed \u00e8 stato celebrato per la prima volta nel 1968 in onore del <strong>Festa di <a href=\"https:\/\/en.wikipedia.org\/wiki\/Assumption_of_Mary\" target=\"_blank\" rel=\"noopener\">L'Assunzione di Maria<\/a><\/strong>.<\/p>\n\n\n\n<p>Ancora pi\u00f9 importante, <strong>\"Contrade\"<\/strong> rappresenta le Contrade e i Quartieri del Garda. Quindi, Nove Contrade partecipano alla Gondola alla Veneziana o alla Corsa delle Barche. In ogni caso, la corsa di 400 metri parte lungo il lago dalla Sala del Porto fino al Municipio e poi di nuovo al Porto, completando questo giro per tre volte.<\/p>\n\n\n\n<figure class=\"wp-block-image alignnone\"><img decoding=async data-opt-id=955531511  src=\"https:\/\/lh7-rt.googleusercontent.com\/docsz\/AD_4nXe0CuIhhGJuyXKRoxf8TIgMOgOrCMDwXWqYj8aSnSnPDYQcqIv5Rt1qtp6FOC86owLdlevVYV6VTpnvj64qKpoHRkEZ8m3JjRWKKvgUKnJ9yT0N65vEGZBZfllJqP7UCXytvrnB?key=o16YowQESuCQPeo2qFrUw-C1\" alt=\"\" class=\"wp-image-4958\" title=\"\"><figcaption class=\"wp-element-caption\"><span style=\"font-size:11pt;font-family:Arial,sans-serif;color:#000000;background-color:transparent;font-weight:400;font-style:normal;font-variant:normal;text-decoration:none;vertical-align:baseline;white-space:pre;white-space:pre-wrap;\"> Gara di barche a Garda<\/span><\/figcaption><\/figure>\n\n\n\n<p>La gara si svolge sulle tradizionali imbarcazioni dei pescatori del Lago di Garda e ogni membro della squadra rema per assicurare la vittoria alle proprie Contrade. Ogni squadra \u00e8 composta da quattro vogatori vestiti in costume con i colori della bandiera della propria contrada.<\/p>\n\n\n\n<p>Infine, la gara si conclude con i fuochi d'artificio lungo la riva del lago, e la squadra vincitrice festeggia la vittoria godendosi i fuochi d'artificio. Oltre alla gara remiera, la giornata ospita i visitatori con giochi di Ludobus, sbandieratori e la sfilata degli equipaggi del Palio.<\/p>\n\n\n\n<figure class=\"wp-block-image alignnone\"><img decoding=async data-opt-id=174276558  src=\"https:\/\/lh7-rt.googleusercontent.com\/docsz\/AD_4nXddzz-9296GuFPbAiAX86yG1b5IHJolIRVK2XcjmZvgh1yhCMqiBUpsgA8oZ9oaXH2rFhBhVLqlbFCVyDB3XgVC01JwYFn1NIC8YmzkQ-K5ACMwipMf0-6ydQTEi8SuqYXP5dBvjw?key=o16YowQESuCQPeo2qFrUw-C1\" alt=\"\" class=\"wp-image-4959\" title=\"\"><figcaption class=\"wp-element-caption\"><span style=\"font-size:11pt;font-family:Arial,sans-serif;color:#000000;background-color:transparent;font-weight:400;font-style:normal;font-variant:normal;text-decoration:none;vertical-align:baseline;white-space:pre;white-space:pre-wrap;\"> Sfilata nel Palio delle Contrade<\/span><\/figcaption><\/figure>\n\n\n\n<p>Nel complesso, per me \u00e8 stata una giornata divertente da celebrare a Garda, perch\u00e9 \u00e8 un'esperienza unica per i visitatori e i forestieri. Si sperimenta il patrimonio locale e la vicinanza e lo spirito tra tutti i vicini, che mostra una sana competizione tra i concorrenti.<\/p>\n\n\n\n<p><strong>Periodo dell'evento:<\/strong> 15 agosto 2024<\/p>\n\n\n\n<p><strong>Posizione:<\/strong> Lungo il Lago di Garda Dalla Sala del Porto al Municipio<\/p>\n\n\n\n<h2 class=\"wp-block-heading\"><strong>Regata Storica a Venezia<\/strong><\/h2>\n\n\n\n<p>La Regata Storica \u00e8 un evento annuale che si tiene nella prima settimana di settembre. Nel 2023 si \u00e8 svolta il 3 settembre, mentre nel 2024 si \u00e8 celebrata il 1\u00b0 settembre. Il termine <strong>\"Regata\"<\/strong> risale al XIII secolo e in origine si riferiva al divertimento e all'opportunit\u00e0 di esercitarsi per i vogatori.<\/p>\n\n\n\n<figure class=\"wp-block-image alignnone\"><img decoding=async data-opt-id=316588168  src=\"https:\/\/lh7-rt.googleusercontent.com\/docsz\/AD_4nXfsJr9hTfui0Z_Tr0XV1jD-HuYWaLshF7qWibkstSwb0zmvJs8SDHlAdm9DBOW8dqJ95qeytnyY-tYcScHUsARJGQWDnDK5qz_PLiPgBUz5AJg8uymw4PjPfWWrKMyoI_VSvNxLuw?key=o16YowQESuCQPeo2qFrUw-C1\" alt=\"\" class=\"wp-image-4960\" title=\"\"><figcaption class=\"wp-element-caption\"><span style=\"font-size:11pt;font-family:Arial,sans-serif;color:#000000;background-color:transparent;font-weight:400;font-style:normal;font-variant:normal;text-decoration:none;vertical-align:baseline;white-space:pre;white-space:pre-wrap;\"> Pittura di Jacopo de' barbari<\/span><\/figcaption><\/figure>\n\n\n\n<p>Nel Cinquecento, un miniaturista, Jacopo de' Barbari, introdusse il termine nel suo dipinto, La veduta di Venezia, raffigurante una gara di barche con la scritta <strong>\"Regata\"<\/strong> scritta sul lato.<\/p>\n\n\n\n<p>Il concetto di Regata si \u00e8 evoluto significativamente e alla fine \u00e8 diventato parte di <strong>\"Voga alla Veneta\".<\/strong> una manifestazione remiera annuale. Durante il Regno d'Italia, nel 1866, fu organizzata per celebrare il glorioso passato di Venezia. Grazie alla sua immensa popolarit\u00e0, l'evento fu ufficialmente denominato Regata Storica nel 1899.&nbsp;<\/p>\n\n\n\n<figure class=\"wp-block-image alignnone\"><img decoding=async data-opt-id=1093872690  src=\"https:\/\/lh7-rt.googleusercontent.com\/docsz\/AD_4nXfXZZoh6naHBRKhoYHdVKd_wddUHOWbhx-xY2kJMPSnX_ZWpQOu-51BAtNUdPIjIpzWvbq3XXoh_FzDejbGhJy6PdJDv3zUe2mbGfhwmOSBD8ifzZzbpdDS899EO7JT1FBwQPm4Kg?key=o16YowQESuCQPeo2qFrUw-C1\" alt=\"\" class=\"wp-image-4961\" title=\"\"><figcaption class=\"wp-element-caption\"><span style=\"font-size:11pt;font-family:Arial,sans-serif;color:#000000;background-color:transparent;font-weight:400;font-style:normal;font-variant:normal;text-decoration:none;vertical-align:baseline;white-space:pre;white-space:pre-wrap;\"> Regata Storica a Venezia - 1<\/span><\/figcaption><\/figure>\n\n\n\n<p>Durante l'evento, le autorit\u00e0 organizzano una sfilata lungo la via d'acqua di Venezia in Canal Grande e nel Bacino San Marco. I vogatori decorano le loro barche e indossano costumi storici e colorati. Tutte queste barche a remi sono guidate da una nave ammiraglio chiamata Bucintoro in ricordo di <strong>Regina Caterina Cornaro<\/strong>, che cedette il suo trono a Venezia nel 1489.<\/p>\n\n\n\n<h2 class=\"wp-block-heading\"><strong>I miei pensieri<\/strong><\/h2>\n\n\n\n<p>Esplorare queste 5 feste medievali in Veneto \u00e8 stata un'esperienza indimenticabile che mi ha lasciato un'impressione profonda e duratura. In qualche modo mi sono trovata in contatto con la storia, la cultura e il patrimonio italiano in un modo davvero unico e interessante allo stesso tempo. Detto questo, se siete della stessa idea e amate questo tipo di eventi, vi consiglio vivamente di visitare almeno alcuni dei luoghi citati in questo blog per vivere un'esperienza unica nella vita. <\/p>\n\r\n\t\t\t<div id=\"daexthefu-container\"\r\n\t\t\t\tclass=\"daexthefu-container daexthefu-layout-side-by-side daexthefu-alignment-center\"\r\n\t\t\t\tdata-post-id=\"26243\">\r\n\r\n\t\t\t\t<div class=\"daexthefu-feedback\">\r\n\t\t\t\t\t<div class=\"daexthefu-text\">\r\n\t\t\t\t\t\t<h3 class=\"daexthefu-title\">\u00c8 stato utile?<\/h3>\r\n\t\t\t\t\t<\/div>\r\n\t\t\t\t\t<div class=\"daexthefu-buttons-container\">\r\n\t\t\t\t\t\t<div class=\"daexthefu-buttons\">\r\n\t\t\t\t\t\t\t\r\n\t\t\t<div class=\"daexthefu-yes daexthefu-button daexthefu-button-type-text\" data-value=\"1\">\r\n\t\t\t\t<div class=\"daexthefu-button-text\">\u2705 S\u00ec<\/div>\r\n\t\t\t<\/div>\r\n\r\n\t\t\t\t\t\t\t\t\t\t\r\n\t\t\t<div class=\"daexthefu-no daexthefu-button daexthefu-button-type-text\" data-value=\"0\">\r\n\t\t\t\t<div class=\"daexthefu-button-text\">\u274c No<\/div>\r\n\t\t\t<\/div>\r\n\r\n\t\t\t\t\t\t\t\t\t<\/div>\r\n\t\t\t\t\t<\/div>\r\n\t\t\t\t<\/div>\r\n\r\n\t\t\t\t<div class=\"daexthefu-comment\">\r\n\t\t\t\t\t<div class=\"daexthefu-comment-top-container\">\r\n\t\t\t\t\t\t<label id=\"daexthefu-comment-label\" class=\"daexthefu-comment-label\"><\/label>\r\n\t\t\t\t\t\t\t\t\t\t\t\t\t<div class=\"daexthefu-comment-character-counter-container\">\r\n\t\t\t\t\t\t\t\t<div id=\"daexthefu-comment-character-counter-number\"\r\n\t\t\t\t\t\t\t\t\tclass=\"daexthefu-comment-character-counter-number\"><\/div>\r\n\t\t\t\t\t\t\t\t<div class=\"daexthefu-comment-character-counter-text\"><\/div>\r\n\t\t\t\t\t\t\t<\/div>\r\n\t\t\t\t\t\t\t\t\t\t\t<\/div>\r\n\t\t\t\t\t<textarea id=\"daexthefu-comment-textarea\" class=\"daexthefu-comment-textarea\"\r\n\t\t\t\t\t\t\t\tplaceholder=\"Digitare il messaggio\"\r\n\t\t\t\t\t\t\t\tmaxlength=\"\t\t\t\t\t\t\t\t400\t\t\t\t\t\t\t\t\t\"><\/textarea>\r\n\t\t\t\t\t<div class=\"daexthefu-comment-buttons-container\">\r\n\t\t\t\t\t\t<button class=\"daexthefu-comment-submit daexthefu-button\">Invia<\/button>\r\n\t\t\t\t\t\t<button class=\"daexthefu-comment-cancel daexthefu-button\">Annullamento<\/button>\r\n\t\t\t\t\t<\/div>\r\n\t\t\t\t<\/div>\r\n\r\n\t\t\t\t<div class=\"daexthefu-successful-submission-text\">Grazie per il tuo feedback!<\/div>\r\n\r\n\t\t\t<\/div>","protected":false},"excerpt":{"rendered":"<p>Scoprite i 5 migliori Festival Medievali in Veneto per vivere la cultura e le tradizioni dell'Italia Medievale<\/p>","protected":false},"author":20,"featured_media":26263,"comment_status":"closed","ping_status":"open","sticky":false,"template":"single-fullwidth.php","format":"standard","meta":{"_acf_changed":false,"_helpful_status":1,"sync_status":"","episode_type":"","audio_file":"","podmotor_file_id":"","podmotor_episode_id":"","castos_file_data":"","cover_image":"","cover_image_id":"","duration":"","filesize":"","filesize_raw":"","date_recorded":"","explicit":"","block":"","itunes_episode_number":"","itunes_title":"","itunes_season_number":"","itunes_episode_type":"","footnotes":""},"categories":[32,1323],"tags":[],"class_list":{"0":"post-26243","1":"post","2":"type-post","3":"status-publish","4":"format-standard","5":"has-post-thumbnail","7":"category-culture","8":"category-how-italy-works"},"acf":[],"menu_order":0,"_links":{"self":[{"href":"https:\/\/magictowns.it\/it\/wp-json\/wp\/v2\/posts\/26243","targetHints":{"allow":["GET"]}}],"collection":[{"href":"https:\/\/magictowns.it\/it\/wp-json\/wp\/v2\/posts"}],"about":[{"href":"https:\/\/magictowns.it\/it\/wp-json\/wp\/v2\/types\/post"}],"author":[{"embeddable":true,"href":"https:\/\/magictowns.it\/it\/wp-json\/wp\/v2\/users\/20"}],"replies":[{"embeddable":true,"href":"https:\/\/magictowns.it\/it\/wp-json\/wp\/v2\/comments?post=26243"}],"version-history":[{"count":2,"href":"https:\/\/magictowns.it\/it\/wp-json\/wp\/v2\/posts\/26243\/revisions"}],"predecessor-version":[{"id":40090,"href":"https:\/\/magictowns.it\/it\/wp-json\/wp\/v2\/posts\/26243\/revisions\/40090"}],"wp:featuredmedia":[{"embeddable":true,"href":"https:\/\/magictowns.it\/it\/wp-json\/wp\/v2\/media\/26263"}],"wp:attachment":[{"href":"https:\/\/magictowns.it\/it\/wp-json\/wp\/v2\/media?parent=26243"}],"wp:term":[{"taxonomy":"category","embeddable":true,"href":"https:\/\/magictowns.it\/it\/wp-json\/wp\/v2\/categories?post=26243"},{"taxonomy":"post_tag","embeddable":true,"href":"https:\/\/magictowns.it\/it\/wp-json\/wp\/v2\/tags?post=26243"}],"curies":[{"name":"wp","href":"https:\/\/api.w.org\/{rel}","templated":true}]}}