{"id":22364,"date":"2024-08-30T12:40:09","date_gmt":"2024-08-30T10:40:09","guid":{"rendered":"https:\/\/magictowns.it\/?p=22364"},"modified":"2026-03-05T11:37:45","modified_gmt":"2026-03-05T10:37:45","slug":"la-storia-del-veneto-dagli-anni-50-in-poi-attraverso-gli-eventi-chiave","status":"publish","type":"post","link":"https:\/\/magictowns.it\/it\/the-history-of-veneto-from-the-1950s-onwards-through-key-events\/","title":{"rendered":"La storia del Veneto dagli anni Cinquanta in poi attraverso gli eventi pi\u00f9 importanti"},"content":{"rendered":"<p>Il periodo successivo alla Seconda guerra mondiale ha segnato per l'Italia un'epoca di trasformazione, nota come il miracolo economico italiano. Come molti altri Paesi, l'Italia ha affrontato l'enorme sfida di ricostruire una nazione colpita da anni di conflitto e distruzione. I tre anni successivi alla guerra hanno determinato la traiettoria futura del Paese.<\/p>\n\n\n\n<p>La notevole rinascita economica dell'Italia fu uno dei risultati pi\u00f9 significativi di quest'epoca. Gli sforzi per risanare e modernizzare l'economia si concentrarono in particolare nelle regioni settentrionali del cosiddetto triangolo industriale. Questa spinta verso l'industrializzazione e l'innovazione port\u00f2 a un drammatico boom economico, ridisegnando il posto dell'Italia sulla scena internazionale.<\/p>\n\n\n\n<p>Nei paragrafi che seguono, potrete conoscere meglio gli elementi e le figure chiave che hanno alimentato la ricostruzione e la crescita economica dell'Italia nel dopoguerra e che hanno plasmato l'identit\u00e0 moderna della nazione.<\/p>\n\n\n\n<h2 class=\"wp-block-heading\">1950-60s: Ricostruzione postbellica e crescita economica&nbsp;&nbsp;&nbsp;<\/h2>\n\n\n\n<p>All'indomani della Seconda Guerra Mondiale, divenne evidente che il Veneto era determinato a ricostruire e prosperare. Gli anni '50 e '60 segnarono un punto di svolta per la regione, che pass\u00f2 dal suo passato agricolo a una nuova era di industrializzazione.<\/p>\n\n\n\n<p>Questo cambiamento significativo fu accompagnato da altre grandi trasformazioni, come la presenza di fabbriche in tutta la regione, che cambi\u00f2 completamente il modo in cui le persone guadagnavano i loro profitti. Industrie come il tessile, i macchinari e la chimica divennero protagoniste e l'economia veneta inizi\u00f2 lentamente ma inesorabilmente ad essere alimentata.<\/p>\n\n\n\n<p>Questo periodo di rapida espansione industriale ebbe un impatto anche sulla vita sociale e culturale. Le famiglie che un tempo si dedicavano all'agricoltura si ritrovarono attratte dai centri urbani alla ricerca di opportunit\u00e0 di lavoro nel fiorente settore industriale. Questa migrazione inizi\u00f2 a rimodellare le comunit\u00e0 venete e la regione inizi\u00f2 a svilupparsi maggiormente.<\/p>\n\n\n\n<p>Durante il progresso e la trasformazione, aziende iconiche come Benetton, Campagnolo e Luxottica sono apparse come pionieri e hanno dato vita allo spirito imprenditoriale che ha definito l'ascesa del Veneto. Le loro storie di successo si sono legate alla storia della regione, simboleggiando la prosperit\u00e0 economica e la resilienza e creativit\u00e0 della sua gente.<\/p>\n\n\n\n<h2 class=\"wp-block-heading\">Alluvioni del 1951<\/h2>\n\n\n\n<p>Il 1951 segn\u00f2 uno dei disastri naturali pi\u00f9 devastanti d'Italia, con piogge abbondanti che caddero per mesi nel centro-nord, nel sud e nelle isole. Il Po, il fiume pi\u00f9 lungo del Paese, si gonfi\u00f2 costantemente, rompendo gli argini. L'inadeguatezza delle difese contro le alluvioni divenne evidente quando la foce del fiume non riusc\u00ec a contenere efficacemente l'ondata di acqua.<\/p>\n\n\n\n<p>Le acque alluvionali si sono riversate nella regione del Polesine, causando la morte di 84 persone e rendendo 180.000 persone senza tetto. Decenni di incuria nella conservazione del suolo, di deforestazione e di scarsa manutenzione degli argini avevano preparato il terreno per la catastrofe.<\/p>\n\n\n\n<h2 class=\"wp-block-heading\">1963 Disastro della diga del Vajont<\/h2>\n\n\n\n<p>Il disastro della diga del Vajont, il 9 ottobre 1963, fu un altro tragico evento nel nord-est italiano. Un'imponente frana proveniente dal Monte Toc si abbatt\u00e9 sul bacino della diga del Vajont, spostando 260 milioni di metri cubi d'acqua e creando un'onda alta oltre 250 metri. L'onda travolse la diga, causando inondazioni catastrofiche e distruggendo diverse citt\u00e0, tra cui <a class=\"wpil_keyword_link\" href=\"https:\/\/magictowns.it\/it\/citta\/longarone-veneto-italia\/\"   title=\"Longarone\" data-wpil-keyword-link=\"linked\"  data-wpil-monitor-id=\"2349\">Longarone<\/a>, che ha provocato quasi 2.000 morti.<\/p>\n\n\n\n<p>Le indagini hanno rivelato che gli avvertimenti sull'instabilit\u00e0 del Monte Toc erano stati ignorati. Il disastro della diga del Vajont ha portato a cambiamenti nelle politiche per prevenire future tragedie e ha evidenziato l'importanza di ascoltare le competenze scientifiche nei progetti di ingegneria.<\/p>\n\n\n\n<h2 class=\"wp-block-heading\">Movimento Save Venice<\/h2>\n\n\n\n<p>Il salvataggio <a class=\"wpil_keyword_link\" href=\"https:\/\/magictowns.it\/it\/citta\/venezia-veneto-italia\/\"   title=\"Venezia\" data-wpil-keyword-link=\"linked\"  data-wpil-monitor-id=\"2348\">Venezia<\/a> Il movimento \u00e8 nato negli anni Sessanta come risposta all'urgente necessit\u00e0 di proteggere il patrimonio culturale di Venezia dall'innalzamento del livello delle acque e dalle minacce dell'inquinamento. Le strutture iconiche della citt\u00e0 erano a rischio di danneggiamento e deterioramento, il che ha dato a questo movimento attenzione e sostegno a livello internazionale.<\/p>\n\n\n\n<p>La condivisione della consapevolezza si \u00e8 tradotta in finanziamenti significativi per progetti di restauro volti a preservare i tesori architettonici e artistici unici di Venezia.&nbsp;<\/p>\n\n\n\n<p>Oggi il Movimento Save Venice \u00e8 un potente elemento di azione collettiva per proteggere il patrimonio culturale per le generazioni future, nonostante le sfide di un mondo in continua evoluzione.<\/p>\n\n\n\n<h2 class=\"wp-block-heading\">1970s: Movimenti socio-politici ed eventi culturali<\/h2>\n\n\n\n<h3 class=\"wp-block-heading\">Movimenti di autonomia<\/h3>\n\n\n\n<p>Negli anni Settanta, i movimenti sociopolitici e gli eventi culturali hanno iniziato a dare forma al sostegno delle regioni italiane per una maggiore autonomia. Si assistette a un'impennata del regionalismo, con movimenti come il<a href=\"https:\/\/en.wikipedia.org\/wiki\/Liga_Veneta\" target=\"_blank\" rel=\"noopener\"> Liga Veneta<\/a> a sostegno dell'autogoverno e della conservazione della cultura. Questi movimenti hanno dato vita a dibattiti sull'equilibrio tra identit\u00e0 regionale e unit\u00e0 nazionale e hanno posto le basi per significative trasformazioni politiche nei decenni successivi.<\/p>\n\n\n\n<h3 class=\"wp-block-heading\">Biennale di Venezia<\/h3>\n\n\n\n<p>La Biennale del 1972 \u00e8 stata una pietra miliare in cui artisti d'avanguardia come Joseph Beuys e Marcel Broodthaers hanno sfidato le nozioni convenzionali di arte, superando i confini e ridefinendo l'espressione artistica. I loro audaci contributi hanno dato vitalit\u00e0 alla Biennale e l'hanno posizionata come leader mondiale nella promozione dell'arte contemporanea d'avanguardia, consolidando ulteriormente lo status di Venezia come epicentro culturale.<\/p>\n\n\n\n<h3 class=\"wp-block-heading\">Mostra del Cinema di Venezia<\/h3>\n\n\n\n<p>Accanto al mondo dell'arte, la Mostra del Cinema di Venezia fior\u00ec negli anni Settanta, attirando registi e cinefili di fama mondiale. Stimati registi come Federico Fellini e Ingmar Bergman hanno impreziosito il festival con la loro presenza, aggiungendo prestigio all'evento.<\/p>\n\n\n\n<p>Film importanti come \"Amarcord\" di Fellini e \"Scene da un matrimonio\" di Bergman hanno affascinato pubblico e critica e hanno contribuito all'eredit\u00e0 del festival.<\/p>\n\n\n\n<h2 class=\"wp-block-heading\">Gli anni '80: Recessione e ripresa economica<\/h2>\n\n\n\n<p>Gli anni '80 hanno segnato un periodo turbolento per l'Italia, caratterizzato dalla recessione economica e dai successivi sforzi di ripresa. Sulla base delle sfide del decennio precedente, i primi anni videro un aumento della disoccupazione, aggravato dagli effetti della recessione degli anni Settanta.<\/p>\n\n\n\n<p>Particolarmente memorabili furono gli scioperi e le proteste dei lavoratori chimici delle fabbriche di Marghera, alle porte di Venezia. Queste manifestazioni hanno sottolineato le difficolt\u00e0 economiche dei lavoratori dell'industria ed evidenziato l'urgente necessit\u00e0 di misure.<\/p>\n\n\n\n<p>In risposta alla crisi economica, negli anni '80 gli sforzi di ripresa si sono concentrati sulla diversificazione industriale e sull'espansione del settore dei servizi. I politici hanno puntato a incoraggiare l'innovazione e gli investimenti nei settori emergenti.<\/p>\n\n\n\n<h2 class=\"wp-block-heading\">Mostra Internazionale d'Arte Cinematografica di Venezia 1982<\/h2>\n\n\n\n<p>Tra le sfide economiche e gli sforzi di ripresa, la Mostra Internazionale d'Arte Cinematografica di Venezia \u00e8 rimasta la speranza di una ribalta culturale e di un successo internazionale. L'edizione del 1982 del festival, in particolare, cattur\u00f2 l'attenzione globale con la proiezione di \"<a href=\"https:\/\/m.imdb.com\/list\/ls079589206\/\" target=\"_blank\" rel=\"noopener\">Blade Runner<\/a>, un film di fantascienza innovativo diretto da Ridley Scott e interpretato da Harrison Ford.<\/p>\n\n\n\n<h2 class=\"wp-block-heading\">1990s: L'incidente di Tanko e i cambiamenti politici<\/h2>\n\n\n\n<p>Gli anni Novanta in Veneto sono stati segnati da eventi che riflettevano disordini politici e cambiamenti nelle dinamiche regionali. Uno di questi eventi \u00e8 stato il famigerato 1997<a href=\"https:\/\/commons.wikimedia.org\/wiki\/File:Tanko1.jpg\" target=\"_blank\" rel=\"noopener\"> Incidente Tanko<\/a>che ha portato l'attenzione internazionale sui movimenti separatisti del Nord Italia. In uno spettacolo drammatico, un gruppo di separatisti veneziani ha guidato un veicolo blindato fatto in casa nell'iconica Piazza San Marco, tentando di dichiarare l'indipendenza. Questo atto audace non solo ha conquistato i titoli dei giornali di tutto il mondo, ma ha anche sottolineato le tensioni e le aspirazioni all'autonomia della regione Veneto.<\/p>\n\n\n\n<h3 class=\"wp-block-heading\">Cambiamenti politici<\/h3>\n\n\n\n<p>L'aspetto politico del Veneto ha subito cambiamenti significativi, influenzati dall'ascesa della Lega Nord. Essi sostenevano&nbsp;&nbsp;<\/p>\n\n\n\n<p>per l'autonomia regionale e il federalismo, risuonando con la popolazione veneta. L'ascesa alla ribalta del partito ha preannunciato una nuova era del discorso politico in Veneto. Questa era caratterizzata da richieste di maggiore autodeterminazione e devoluzione di poteri dal governo nazionale alle autorit\u00e0 regionali.<\/p>\n\n\n\n<h2 class=\"wp-block-heading\">2000s: Conservazione ambientale e culturale<\/h2>\n\n\n\n<p>Gli anni Duemila hanno visto una rinnovata attenzione alla conservazione ambientale e culturale a Venezia, in Italia. La citt\u00e0 ha dovuto affrontare le sfide dell'innalzamento del livello del mare e l'imperativo di proteggere il suo ricco patrimonio artistico.<\/p>\n\n\n\n<p>Nel 2002, Venezia \u00e8 stata colpita da una grave alluvione, accompagnata da preoccupazioni per la possibilit\u00e0 che la citt\u00e0 venisse invasa dalle acque del Mar Adriatico. In risposta, sono stati avviati sforzi intensi per proteggere Venezia da future inondazioni, culminati con l'avvio del progetto<a href=\"https:\/\/www.mosevenezia.eu\/project?lang=en\" target=\"_blank\" rel=\"noopener\"> Progetto MOSE<\/a>. (Per saperne di pi\u00f9, leggete i paragrafi seguenti). Questo enorme progetto mirava a costruire un sistema di barriere mobili contro le inondazioni per evitare l'impatto delle alte maree e delle mareggiate.<\/p>\n\n\n\n<h3 class=\"wp-block-heading\">Biennale e Mostra del Cinema di Venezia<\/h3>\n\n\n\n<p>Il<a href=\"https:\/\/www.labiennale.org\/en\" target=\"_blank\" rel=\"noopener\"> Biennale di Venezia<\/a> e il Film Festival hanno continuato ad affascinare il pubblico di tutto il mondo. Sono stati le prime piattaforme per mostrare l'arte contemporanea e il cinema.<\/p>\n\n\n\n<p>Nel 2003, la Biennale ha presentato le opere di artisti famosi come Olafur Eliasson, le cui installazioni hanno sfidato la percezione dello spazio e della luce. Allo stesso modo, la Mostra del Cinema di Venezia del 2004 ha visto la prima di film acclamati dalla critica come \"Brokeback Mountain\".<\/p>\n\n\n\n<h2 class=\"wp-block-heading\">2010s: Sfide infrastrutturali e ambientali<\/h2>\n\n\n\n<p>Gli anni 2010 hanno portato un mix di sviluppi infrastrutturali, movimenti politici e sfide ambientali che hanno plasmato il futuro di Venezia e della regione circostante.<\/p>\n\n\n\n<p>Uno degli eventi pi\u00f9 significativi \u00e8 stata l'attivazione parziale e il completamento del progetto di<a href=\"https:\/\/www.mosevenezia.eu\/project?lang=en\" target=\"_blank\" rel=\"noopener\"> Progetto MOSE<\/a>che ha rappresentato gli sforzi della citt\u00e0 per combattere le inondazioni. Questo ambizioso progetto, finalizzato alla realizzazione di un sistema di barriere anti-alluvione, ha segnato un passo significativo verso la protezione di Venezia dall'innalzamento del livello del mare e dalle ricorrenti alte maree che ne minacciano l'esistenza.<\/p>\n\n\n\n<h2 class=\"wp-block-heading\">Referendum sull'indipendenza del 2014<\/h2>\n\n\n\n<p>Nel 2014, la regione ha assistito a un altro evento degno di nota: un referendum sull'indipendenza. Anche se non ufficiale, il referendum online ha sostenuto l'indipendenza del Veneto dall'Italia. Sebbene il risultato non abbia portato a cambiamenti politici immediati, \u00e8 servito a ricordare le continue richieste di maggiore autonomia e autodeterminazione del Veneto.<\/p>\n\n\n\n<h2 class=\"wp-block-heading\">2019 Alluvione di Venezia<\/h2>\n\n\n\n<p>Tuttavia, nonostante questi movimenti politici e i progressi infrastrutturali, Venezia ha continuato ad affrontare sfide ambientali, come l'alluvione del 2019. L'inondazione ha causato danni diffusi alle infrastrutture, al patrimonio culturale e all'economia della citt\u00e0. Questo evento catastrofico ha fatto emergere l'urgenza di affrontare gli impatti del cambiamento climatico e di rafforzare le misure di resilienza per proteggere Venezia e i suoi abitanti da future disgrazie.<\/p>\n\n\n\n<h2 class=\"wp-block-heading\">2020s: Pandemia COVID-19 e impatto economico<\/h2>\n\n\n\n<h3 class=\"wp-block-heading\">Impatto COVID-19<\/h3>\n\n\n\n<p>L'insorgere della pandemia COVID-19 negli anni 2020 ha portato a Venezia e alle regioni circostanti sfide senza precedenti, con un impatto sia sull'economia locale che sulla vita quotidiana dei residenti. Con l'applicazione di restrizioni ai viaggi e di misure di blocco in tutto il mondo, Venezia, che dipende in larga misura dal turismo, ha assistito a un drastico calo del numero di visitatori. Questo ha portato a un blocco virtuale dell'attivit\u00e0 economica.<\/p>\n\n\n\n<p>Inoltre, la regione Veneto ha affrontato le proprie sfide durante la pandemia, con <a class=\"wpil_keyword_link\" href=\"https:\/\/magictowns.it\/it\/citta\/vo-veneto-italia\/\" title=\"Vo&#039;\" data-wpil-keyword-link=\"linked\" data-wpil-monitor-id=\"2350\">Vo'<\/a> Euganeo, vicino a Padova, che emerge come uno dei primi epicentri dell'epidemia in Europa.&nbsp;<\/p>\n\n\n\n<h2 class=\"wp-block-heading\">Notevoli movimenti sociali e di protesta<\/h2>\n\n\n\n<h3 class=\"wp-block-heading\">\"Proteste \"Quote Latte<\/h3>\n\n\n\n<p>Le proteste \"Quote Latte\" che si sono svolte nel 2009 e nel 2010 hanno rappresentato un movimento significativo all'interno della comunit\u00e0 agricola, in particolare tra gli agricoltori di regioni come il Veneto. Queste proteste hanno evidenziato gli effetti dannosi di tali politiche sulla vita degli agricoltori e sulle economie regionali.<\/p>\n\n\n\n<p>Lo stesso termine \"Quote Latte\", traducibile con \"Quote Latte\", \u00e8 diventato emblematico della lotta degli allevatori contro i regolamenti burocratici.<\/p>\n\n\n\n<p>Le proteste hanno suscitato un'ampia attenzione, sia a livello nazionale che internazionale. Gli agricoltori sono scesi in piazza, inscenando dimostrazioni e raduni per dare voce alle loro rimostranze e chiedere riforme che fornissero maggiore flessibilit\u00e0 e sostegno ai produttori agricoli. Il movimento \u00e8 servito come piattaforma per un'azione collettiva e ha stimolato un discorso pubblico sulla necessit\u00e0 di pratiche agricole pi\u00f9 eque e sostenibili.<\/p>\n\n\n\n<h2 class=\"wp-block-heading\">Conclusione<\/h2>\n\n\n\n<p>Negli ultimi sette decenni, il Veneto \u00e8 stato colpito da una serie di eventi significativi che vanno dagli anni Cinquanta a oggi. Ognuno di essi ha lasciato un segno nell'area sociale, politica e culturale della regione. I movimenti socio-politici, gli eventi culturali e le sfide economiche, tra cui i movimenti per l'autonomia, la Biennale di Venezia e le recessioni economiche, hanno contribuito all'evoluzione della regione.<\/p>\n\n\n\n<p>Nel XXI secolo, il Veneto ha affrontato nuove sfide, tra cui minacce ambientali come le inondazioni, la pandemia COVID-19 e movimenti socio-politici per l'autonomia regionale. Nonostante queste sfide, la regione ha sempre dimostrato una notevole forza e capacit\u00e0 di adattamento.&nbsp;<\/p>\n\n\n\n<p>La sua storia e la sua cultura sono, e molto probabilmente saranno sempre, una fonte di ispirazione che guida la regione verso un futuro pi\u00f9 sostenibile e migliore.<\/p>\n\r\n\t\t\t<div id=\"daexthefu-container\"\r\n\t\t\t\tclass=\"daexthefu-container daexthefu-layout-side-by-side daexthefu-alignment-center\"\r\n\t\t\t\tdata-post-id=\"22364\">\r\n\r\n\t\t\t\t<div class=\"daexthefu-feedback\">\r\n\t\t\t\t\t<div class=\"daexthefu-text\">\r\n\t\t\t\t\t\t<h3 class=\"daexthefu-title\">\u00c8 stato utile?<\/h3>\r\n\t\t\t\t\t<\/div>\r\n\t\t\t\t\t<div class=\"daexthefu-buttons-container\">\r\n\t\t\t\t\t\t<div class=\"daexthefu-buttons\">\r\n\t\t\t\t\t\t\t\r\n\t\t\t<div class=\"daexthefu-yes daexthefu-button daexthefu-button-type-text\" data-value=\"1\">\r\n\t\t\t\t<div class=\"daexthefu-button-text\">\u2705 S\u00ec<\/div>\r\n\t\t\t<\/div>\r\n\r\n\t\t\t\t\t\t\t\t\t\t\r\n\t\t\t<div class=\"daexthefu-no daexthefu-button daexthefu-button-type-text\" data-value=\"0\">\r\n\t\t\t\t<div class=\"daexthefu-button-text\">\u274c No<\/div>\r\n\t\t\t<\/div>\r\n\r\n\t\t\t\t\t\t\t\t\t<\/div>\r\n\t\t\t\t\t<\/div>\r\n\t\t\t\t<\/div>\r\n\r\n\t\t\t\t<div class=\"daexthefu-comment\">\r\n\t\t\t\t\t<div class=\"daexthefu-comment-top-container\">\r\n\t\t\t\t\t\t<label id=\"daexthefu-comment-label\" class=\"daexthefu-comment-label\"><\/label>\r\n\t\t\t\t\t\t\t\t\t\t\t\t\t<div class=\"daexthefu-comment-character-counter-container\">\r\n\t\t\t\t\t\t\t\t<div id=\"daexthefu-comment-character-counter-number\"\r\n\t\t\t\t\t\t\t\t\tclass=\"daexthefu-comment-character-counter-number\"><\/div>\r\n\t\t\t\t\t\t\t\t<div class=\"daexthefu-comment-character-counter-text\"><\/div>\r\n\t\t\t\t\t\t\t<\/div>\r\n\t\t\t\t\t\t\t\t\t\t\t<\/div>\r\n\t\t\t\t\t<textarea id=\"daexthefu-comment-textarea\" class=\"daexthefu-comment-textarea\"\r\n\t\t\t\t\t\t\t\tplaceholder=\"Digitare il messaggio\"\r\n\t\t\t\t\t\t\t\tmaxlength=\"\t\t\t\t\t\t\t\t400\t\t\t\t\t\t\t\t\t\"><\/textarea>\r\n\t\t\t\t\t<div class=\"daexthefu-comment-buttons-container\">\r\n\t\t\t\t\t\t<button class=\"daexthefu-comment-submit daexthefu-button\">Invia<\/button>\r\n\t\t\t\t\t\t<button class=\"daexthefu-comment-cancel daexthefu-button\">Annullamento<\/button>\r\n\t\t\t\t\t<\/div>\r\n\t\t\t\t<\/div>\r\n\r\n\t\t\t\t<div class=\"daexthefu-successful-submission-text\">Grazie per il tuo feedback!<\/div>\r\n\r\n\t\t\t<\/div>","protected":false},"excerpt":{"rendered":"<p>Il periodo successivo alla seconda guerra mondiale ha segnato per l'Italia un'epoca di trasformazione, nota come il miracolo economico italiano. Come molti...<\/p>","protected":false},"author":3,"featured_media":22365,"comment_status":"closed","ping_status":"open","sticky":false,"template":"single-fullwidth.php","format":"standard","meta":{"_acf_changed":false,"_helpful_status":1,"sync_status":"","episode_type":"","audio_file":"","podmotor_file_id":"","podmotor_episode_id":"","castos_file_data":"","cover_image":"","cover_image_id":"","duration":"","filesize":"","filesize_raw":"","date_recorded":"","explicit":"","block":"","itunes_episode_number":"","itunes_title":"","itunes_season_number":"","itunes_episode_type":"","footnotes":""},"categories":[32,1323],"tags":[],"class_list":{"0":"post-22364","1":"post","2":"type-post","3":"status-publish","4":"format-standard","5":"has-post-thumbnail","7":"category-culture","8":"category-how-italy-works"},"acf":[],"menu_order":0,"_links":{"self":[{"href":"https:\/\/magictowns.it\/it\/wp-json\/wp\/v2\/posts\/22364","targetHints":{"allow":["GET"]}}],"collection":[{"href":"https:\/\/magictowns.it\/it\/wp-json\/wp\/v2\/posts"}],"about":[{"href":"https:\/\/magictowns.it\/it\/wp-json\/wp\/v2\/types\/post"}],"author":[{"embeddable":true,"href":"https:\/\/magictowns.it\/it\/wp-json\/wp\/v2\/users\/3"}],"replies":[{"embeddable":true,"href":"https:\/\/magictowns.it\/it\/wp-json\/wp\/v2\/comments?post=22364"}],"version-history":[{"count":1,"href":"https:\/\/magictowns.it\/it\/wp-json\/wp\/v2\/posts\/22364\/revisions"}],"predecessor-version":[{"id":46755,"href":"https:\/\/magictowns.it\/it\/wp-json\/wp\/v2\/posts\/22364\/revisions\/46755"}],"wp:featuredmedia":[{"embeddable":true,"href":"https:\/\/magictowns.it\/it\/wp-json\/wp\/v2\/media\/22365"}],"wp:attachment":[{"href":"https:\/\/magictowns.it\/it\/wp-json\/wp\/v2\/media?parent=22364"}],"wp:term":[{"taxonomy":"category","embeddable":true,"href":"https:\/\/magictowns.it\/it\/wp-json\/wp\/v2\/categories?post=22364"},{"taxonomy":"post_tag","embeddable":true,"href":"https:\/\/magictowns.it\/it\/wp-json\/wp\/v2\/tags?post=22364"}],"curies":[{"name":"wp","href":"https:\/\/api.w.org\/{rel}","templated":true}]}}