{"id":39094,"date":"2025-09-05T09:29:11","date_gmt":"2025-09-05T07:29:11","guid":{"rendered":"https:\/\/magictowns.it\/?p=39094"},"modified":"2026-03-05T11:35:41","modified_gmt":"2026-03-05T10:35:41","slug":"armani-life-lieux-en-italie","status":"publish","type":"post","link":"https:\/\/magictowns.it\/fr\/armani-life-places-in-italy\/","title":{"rendered":"Ciao, Giorgio ! La vie d'Armani racont\u00e9e \u00e0 travers ses lieux italiens"},"content":{"rendered":"<p>Le roi de l'\u00e9l\u00e9gance discr\u00e8te, Giorgio Armani, est d\u00e9c\u00e9d\u00e9 \u00e0 l'\u00e2ge de 91 ans. En son honneur, nous vous proposons un petit voyage \u00e0 travers l'Italie - non pas les d\u00e9fil\u00e9s de mode ou les circuits de la jet-set, mais les lieux r\u00e9els qui l'ont fa\u00e7onn\u00e9. Des villes o\u00f9 il a grandi, o\u00f9 il s'est \u00e9vad\u00e9, o\u00f9 il a travaill\u00e9 ou qu'il a aim\u00e9es discr\u00e8tement. C'est la carte de la vie d'un homme, recompos\u00e9e avec retenue, discipline, quelques coups de c\u0153ur - et un sens profond de la beaut\u00e9.<\/p>\n\n\n\n<figure class=\"wp-block-image size-full\"><img decoding=async data-opt-id=1775097348  fetchpriority=\"high\" src=\"https:\/\/ml4ds5noqxtv.i.optimole.com\/w:auto\/h:auto\/q:mauto\/g:sm\/f:best\/https:\/\/magictowns.it\/wp-content\/uploads\/2025\/09\/giorgio-armani.jpg\" alt=\"\" class=\"wp-image-39095\" title=\"\"><figcaption class=\"wp-element-caption\"><em>Giorgio Armany en 2009, sur une photo de Bruno Cordioli (CC BY 2.0)<\/em><\/figcaption><\/figure>\n\n\n\n<h2 class=\"wp-block-heading\"><strong>Plaisance : Les racines de la simplicit\u00e9 et du style<\/strong><\/h2>\n\n\n\n<p>Giorgio Armani est n\u00e9 en 1934 dans la ville septentrionale de <a href=\"https:\/\/magictowns.it\/fr\/ville\/piacenza-emilia-romagna-italie\/\" data-type=\"town\" data-id=\"29079\">Plaisance<\/a>Un \"piccolo grande villaggio\" (petit grand village), comme il le d\u00e9crivait affectueusement. C'est dans ces rues tranquilles et dans la campagne environnante qu'Armani a commenc\u00e9 \u00e0 appr\u00e9cier la beaut\u00e9 sans pr\u00e9tention. La Seconde Guerre mondiale a marqu\u00e9 son enfance ici - il passait ses nuits \u00e0 s'abriter dans la cave pendant que les bombes tombaient - mais il a trouv\u00e9 des moments de joie innocente m\u00eame dans les \u00e9preuves.<\/p>\n\n\n\n<figure class=\"wp-block-image size-large\"><img decoding=async data-opt-id=499272972  fetchpriority=\"high\" width=\"2560\" height=\"1714\" src=\"https:\/\/ml4ds5noqxtv.i.optimole.com\/w:auto\/h:auto\/q:mauto\/g:sm\/f:best\/https:\/\/magictowns.it\/wp-content\/uploads\/2025\/02\/Piacenza-in-Emilia-Romagna-Italy-scaled.jpg\" alt=\"Piacenza en Emilie-Romagne Italie\" class=\"wp-image-29080\" title=\"\" srcset=\"https:\/\/ml4ds5noqxtv.i.optimole.com\/w:1920\/h:1285\/q:mauto\/g:sm\/f:best\/https:\/\/magictowns.it\/wp-content\/uploads\/2025\/02\/Piacenza-in-Emilia-Romagna-Italy.jpg 2560w, https:\/\/ml4ds5noqxtv.i.optimole.com\/w:300\/h:201\/q:mauto\/g:sm\/f:best\/https:\/\/magictowns.it\/wp-content\/uploads\/2025\/02\/Piacenza-in-Emilia-Romagna-Italy.jpg 300w, https:\/\/ml4ds5noqxtv.i.optimole.com\/w:1024\/h:685\/q:mauto\/g:sm\/f:best\/https:\/\/magictowns.it\/wp-content\/uploads\/2025\/02\/Piacenza-in-Emilia-Romagna-Italy.jpg 1024w, https:\/\/ml4ds5noqxtv.i.optimole.com\/w:768\/h:514\/q:mauto\/g:sm\/f:best\/https:\/\/magictowns.it\/wp-content\/uploads\/2025\/02\/Piacenza-in-Emilia-Romagna-Italy.jpg 768w, https:\/\/ml4ds5noqxtv.i.optimole.com\/w:1536\/h:1028\/q:mauto\/g:sm\/f:best\/https:\/\/magictowns.it\/wp-content\/uploads\/2025\/02\/Piacenza-in-Emilia-Romagna-Italy.jpg 1536w, https:\/\/ml4ds5noqxtv.i.optimole.com\/w:1920\/h:1285\/q:mauto\/g:sm\/f:best\/https:\/\/magictowns.it\/wp-content\/uploads\/2025\/02\/Piacenza-in-Emilia-Romagna-Italy.jpg 2048w, https:\/\/ml4ds5noqxtv.i.optimole.com\/w:18\/h:12\/q:mauto\/g:sm\/f:best\/https:\/\/magictowns.it\/wp-content\/uploads\/2025\/02\/Piacenza-in-Emilia-Romagna-Italy.jpg 18w, https:\/\/ml4ds5noqxtv.i.optimole.com\/w:595\/h:398\/q:mauto\/g:sm\/f:best\/https:\/\/magictowns.it\/wp-content\/uploads\/2025\/02\/Piacenza-in-Emilia-Romagna-Italy.jpg 595w, https:\/\/ml4ds5noqxtv.i.optimole.com\/w:1920\/h:1285\/q:mauto\/g:sm\/f:best\/dpr:2\/https:\/\/magictowns.it\/wp-content\/uploads\/2025\/02\/Piacenza-in-Emilia-Romagna-Italy.jpg 2x\" sizes=\"(max-width: 1170px) 100vw, 1170px\" \/><figcaption class=\"wp-element-caption\"><em><a class=\"wpil_keyword_link\" href=\"https:\/\/magictowns.it\/fr\/ville\/piacenza-emilia-romagna-italie\/\"   title=\"Plaisance\" data-wpil-keyword-link=\"linked\"  data-wpil-monitor-id=\"654\">Plaisance<\/a> en Emilia-Romagna Italie<\/em><\/figcaption><\/figure>\n\n\n\n<p>Il se rappellera plus tard avoir jou\u00e9 \u00e0 des jeux secrets dans ces caves et avoir \u00e9t\u00e9 terrifi\u00e9 par les raids a\u00e9riens de jour, alors que son fr\u00e8re a\u00een\u00e9 Sergio y voyait de l'aventure. Les valeurs familiales fortes de Piacenza ne l'ont jamais quitt\u00e9 : son p\u00e8re \u00e9tait un humble employ\u00e9 des transports et sa m\u00e8re Maria l'a \u00e9lev\u00e9 avec discipline et chaleur. Maria dirigeait m\u00eame la colonie d'\u00e9t\u00e9 locale qui envoyait les enfants de la ville dans l'Adriatique ; lorsque le jeune Giorgio et son fr\u00e8re y participaient, \"elle nous mettait dans le dortoir commun avec tous les autres, et \u00e0 juste titre - pas de traitement sp\u00e9cial\", a-t-il racont\u00e9. <a href=\"https:\/\/www.corriere.it\/cronache\/24_ottobre_13\/giorgio-armani-intervista-64f67122-8ed8-4171-8075-b9c96bd3fxlk.shtml\" target=\"_blank\" rel=\"noopener\">Corriere della Sera<\/a>. <\/p>\n\n\n\n<p>Cet ancrage dans l'\u00e9quit\u00e9 et l'humilit\u00e9 d\u00e9finira plus tard son style personnel. Armani a quitt\u00e9 Piacenza \u00e0 l'adolescence, mais il en a toujours gard\u00e9 la franchise provinciale.&nbsp;<em>erre piacentina<\/em>Les couleurs de la terre sont rest\u00e9es grav\u00e9es dans sa m\u00e9moire. Des d\u00e9cennies plus tard, il plaisante en disant que sa pr\u00e9f\u00e9rence pour les tons subtils et terreux vient du paysage de son enfance - il aimait le gris-brun sourd \"couleur de la boue de la Trebbia\" plus que n'importe quelle teinte vive. Dans les rives boueuses et les modestes piazzas de Plaisance,&nbsp;<em>Re Giorgio<\/em>&nbsp;a d'abord appris que l'\u00e9l\u00e9gance r\u00e9side dans la simplicit\u00e9.<\/p>\n\n\n\n<h2 class=\"wp-block-heading\"><strong>Misano Adriatico : L'\u00e9t\u00e9 du premier amour<\/strong><\/h2>\n\n\n\n<p>Enfant, Armani passait des \u00e9t\u00e9s ensoleill\u00e9s \u00e0 Misano Adriatico, sur la c\u00f4te de l'\u00c9milie-Romagne, non loin de l'\u00eele de Sicile. <a href=\"https:\/\/magictowns.it\/fr\/ville\/rimini-emilia-romagna-italie\/\" data-type=\"town\" data-id=\"29228\">Rimini<\/a>. Dans les ann\u00e9es 1940, Misano \u00e9tait un havre de sable, de surf et de libert\u00e9 pour les jeunes. C'est l\u00e0, dans un camp d'\u00e9t\u00e9 c\u00f4tier, que l'adolescent timide s'\u00e9panouissait au milieu des jeux de plage et des premiers b\u00e9guins. Bien des ann\u00e9es plus tard, Armani a r\u00e9v\u00e9l\u00e9 un souvenir longtemps gard\u00e9 de l'un de ces \u00e9t\u00e9s :\u00a0<em>\"C'\u00e9tait sous un abri sur la plage de Misano Mare, \u00e0 cinq heures de l'apr\u00e8s-midi, pendant le temps de repos... J'\u00e9tais parmi les gar\u00e7ons, et il y avait un jeune conseiller qui m'a imm\u00e9diatement inspir\u00e9 un sentiment d'amour\"<\/em>.<\/p>\n\n\n\n<figure class=\"wp-block-image size-full\"><img decoding=async data-opt-id=797596685  data-opt-src=\"https:\/\/ml4ds5noqxtv.i.optimole.com\/w:auto\/h:auto\/q:mauto\/g:sm\/f:best\/https:\/\/magictowns.it\/wp-content\/uploads\/2025\/09\/sea-at-Misano-Adriatico.jpg\"  src=\"data:image/svg+xml,%3Csvg%20viewBox%3D%220%200%20100%%20100%%22%20width%3D%22100%%22%20height%3D%22100%%22%20xmlns%3D%22http%3A%2F%2Fwww.w3.org%2F2000%2Fsvg%22%3E%3Crect%20width%3D%22100%%22%20height%3D%22100%%22%20fill%3D%22transparent%22%2F%3E%3C%2Fsvg%3E\" alt=\"\" class=\"wp-image-39096\" title=\"\"><figcaption class=\"wp-element-caption\"><em>La mer \u00e0 <a class=\"wpil_keyword_link\" href=\"https:\/\/magictowns.it\/fr\/ville\/misano-adriatico-emilia-romagna-italie\/\" title=\"Misano Adriatico\" data-wpil-keyword-link=\"linked\" data-wpil-monitor-id=\"656\">Misano Adriatico<\/a><\/em><\/figcaption><\/figure>\n\n\n\n<p>Cet engouement innocent, ressenti sous le soleil de l'Adriatique, a marqu\u00e9 un tournant. L'exp\u00e9rience est rest\u00e9e secr\u00e8te pendant des d\u00e9cennies, illustrant la discr\u00e9tion dont Armani a toujours fait preuve \u00e0 propos de ses affaires personnelles. C'est \u00e9galement \u00e0 Misano qu'il a connu un premier amour plus conventionnel (un amour d'enfance nomm\u00e9 Wanda) et les joies simples de la vie. <em>ragazzi<\/em> en \u00e9t\u00e9 - promenades \u00e0 v\u00e9lo, baignades, rires sous les cabines de plage. <\/p>\n\n\n\n<h2 class=\"wp-block-heading\"><strong>Milan : La formation d'un maestro<\/strong><\/h2>\n\n\n\n<p>Si Piacenza a donn\u00e9 \u00e0 Armani de l'humilit\u00e9, Misano lui a donn\u00e9 du c\u0153ur, <a href=\"https:\/\/magictowns.it\/fr\/ville\/milano-lombardia-italie\/\" data-type=\"town\" data-id=\"28750\">Milan<\/a> lui a donn\u00e9 des ailes. Il s'est install\u00e9 \u00e0 Milan en 1949, \u00e0 l'\u00e2ge de 15 ans, un enfant de province aux yeux \u00e9carquill\u00e9s par l'agitation de la grande ville. Le Milan de l'apr\u00e8s-guerre est une ville grin\u00e7ante et dynamique - et au d\u00e9but, intimidante. Le jeune Giorgio s'inscrit \u00e0 l'\u00e9cole de m\u00e9decine, mais les cours d'anatomie et les salles d'h\u00f4pital l'ennuient. Apr\u00e8s son service militaire, le destin (et les conseils d'un ami) le conduit \u00e0 un emploi \u00e0 La Rinascente, le grand magasin milanais. C'est l\u00e0, dans les ann\u00e9es 1950, qu'Armani a commenc\u00e9 \u00e0 travailler comme \u00e9talagiste et marchandiseur - un apprentissage peu glorieux qui s'est av\u00e9r\u00e9 d\u00e9cisif.<\/p>\n\n\n\n<figure class=\"wp-block-image size-large\"><img decoding=async data-opt-id=539712152  data-opt-src=\"https:\/\/ml4ds5noqxtv.i.optimole.com\/w:auto\/h:auto\/q:mauto\/g:sm\/f:best\/https:\/\/magictowns.it\/wp-content\/uploads\/2025\/02\/Milano-in-Lombardia-Italy.jpeg\"  src=\"data:image/svg+xml,%3Csvg%20viewBox%3D%220%200%20100%%20100%%22%20width%3D%22100%%22%20height%3D%22100%%22%20xmlns%3D%22http%3A%2F%2Fwww.w3.org%2F2000%2Fsvg%22%3E%3Crect%20width%3D%22100%%22%20height%3D%22100%%22%20fill%3D%22transparent%22%2F%3E%3C%2Fsvg%3E\" alt=\"Milano en Lombardie Italie\" class=\"wp-image-28751\" title=\"\"><figcaption class=\"wp-element-caption\"><em>Milan a eu un impact consid\u00e9rable sur la vie de Giorgio Armani<\/em><\/figcaption><\/figure>\n\n\n\n<p>Il s'est impr\u00e9gn\u00e9 des d\u00e9sirs des \u00e9l\u00e9gantes Milanaises, de la fa\u00e7on dont une robe parfaitement drap\u00e9e dans une vitrine peut arr\u00eater quelqu'un dans son \u00e9lan.&nbsp;<strong>Il n'a jamais oubli\u00e9 ces le\u00e7ons<\/strong>:&nbsp;<em>\"Cette formation initiale \u00e0 l'affichage et \u00e0 l'\u00e9dition m'a accompagn\u00e9 toute ma vie.<\/em>Il a d\u00e9clar\u00e9 plus tard : \"Milan a lib\u00e9r\u00e9 sa confiance cr\u00e9ative. Milan a lib\u00e9r\u00e9 sa confiance cr\u00e9ative. En 1965, son \u0153il averti a attir\u00e9 l'attention du cr\u00e9ateur Nino Cerruti, qui l'a engag\u00e9 pour moderniser la mode masculine. L'anecdote est charmante : Cerruti a test\u00e9 le nouveau venu en lui montrant des \u00e9chantillons de tissus audacieux ; Armani s'est tourn\u00e9 vers les tissus plus subtils, expliquant \u00e0 son patron qu'il pr\u00e9f\u00e9rait les taupes et les gris boueux, les couleurs de son enfance au bord de la rivi\u00e8re de Piacenza. Ces tons sourds deviendront la signature de la marque.&nbsp;<em>Le look Armani<\/em>. <\/p>\n\n\n\n<p>En 1975, dans un petit bureau du Corso Venezia, il lance avec son associ\u00e9 Sergio Galeotti la marque Giorgio Armani. Dans les ann\u00e9es 1970, Milan \u00e9tait pr\u00eate : l'\u00e9l\u00e9gance sobre et pragmatique de la ville correspondait \u00e0 celle d'Armani. Ses vestes d\u00e9structur\u00e9es et ses lignes \u00e9pur\u00e9es d\u00e9finissent l'\u00e8re \u00e9mergente du \"power-dressing\" tout en continuant \u00e0 canaliser l'\u00e9l\u00e9gance inh\u00e9rente \u00e0 Milan.&nbsp;<em>sprezzatura<\/em>. Armani fait Milan&nbsp;<strong>les<\/strong>&nbsp;capitale de la mode dans les ann\u00e9es 1980, aux c\u00f4t\u00e9s de ses compatriotes Versace et Ferr\u00e9. Pourtant, malgr\u00e9 sa renomm\u00e9e mondiale, il est rest\u00e9 \u00e0 bien des \u00e9gards le gar\u00e7on r\u00e9serv\u00e9 de Piacenza - disciplin\u00e9, courtois, un peu casanier. <\/p>\n\n\n\n<p>Armani a \u00e9lu domicile et si\u00e8ge social dans le quartier de Brera, \u00e0 Milan, \u00e0 quelques pas de l'endroit o\u00f9 s'est ouverte sa premi\u00e8re boutique. Ses coll\u00e8gues le voyaient souvent faire de la natation tous les matins et travailler tard dans la nuit sous les arches de pierre de l'\u00e9glise de Brera.&nbsp;<em>Palazzo Orsini<\/em>Milan est le si\u00e8ge de sa soci\u00e9t\u00e9. Ce n'est pas seulement \u00e0 Milan que Giorgio Armani a b\u00e2ti un empire, c'est aussi l\u00e0 qu'il est devenu \"Re Giorgio\", le roi de la mode italienne, gr\u00e2ce \u00e0 un travail acharn\u00e9, un go\u00fbt impeccable et en restant fid\u00e8le \u00e0 lui-m\u00eame.<\/p>\n\n\n\n<h2 class=\"wp-block-heading\"><strong>Rome : En amour avec le grand \u00e9cran<\/strong><\/h2>\n\n\n\n<p>La relation d'Armani avec <a href=\"https:\/\/magictowns.it\/fr\/ville\/roma-lazio-italie\/\" data-type=\"town\" data-id=\"29575\">Rome<\/a> \u00e9tait moins une question de r\u00e9sidence qu'une question de <em>la grande bellezza<\/em> - la grande beaut\u00e9 du cin\u00e9ma. Enfant, \u00e0 Piacenza, il passait de sacr\u00e9s apr\u00e8s-midi au cin\u00e9ma avec sa famille, les yeux riv\u00e9s sur le monde glamour d'Hollywood. Il est tomb\u00e9 amoureux du cin\u00e9ma bien avant d'avoir dessin\u00e9 une maille de v\u00eatement. Plus tard, il se souviendra des classiques du n\u00e9or\u00e9alisme italien - les films de Vittorio De Sica, le\u00a0<em>Voleurs de bicyclettes<\/em>, de Rossellini\u00a0<em>Rome, ville ouverte<\/em>\u00a0- Il s'agit de \"films pleins de nuances dramatiques et esth\u00e9tiques, toujours impr\u00e9gn\u00e9s d'une rigueur et d'une dignit\u00e9 qui, pour moi, expriment le v\u00e9ritable esprit de ces ann\u00e9es difficiles\". Ce sens du drame cin\u00e9matographique se retrouve dans son \u0153uvre.<\/p>\n\n\n\n<p>Dans sa vingtaine, Armani a fait une sorte de p\u00e8lerinage aux studios de Cinecitt\u00e0 \u00e0 Rome. Il s'est promen\u00e9 dans les d\u00e9cors l\u00e9gendaires, les yeux \u00e9carquill\u00e9s, \"\u00e9merveill\u00e9... l'usine \u00e0 r\u00eaves\", a-t-il d\u00e9clar\u00e9, allant m\u00eame jusqu'\u00e0 r\u00eaver de devenir acteur ou r\u00e9alisateur pendant un moment. Bien que la mode l'ait finalement emport\u00e9, le cin\u00e9ma allait devenir l'un de ses plus grands moyens d'expression. Armani a nou\u00e9 de profondes amiti\u00e9s avec des r\u00e9alisateurs et des stars de cin\u00e9ma ; les premi\u00e8res de films dans la Ville \u00e9ternelle ont souvent servi de d\u00e9fil\u00e9s Armani officieux. <\/p>\n\n\n\n<figure class=\"wp-block-image size-full\"><img decoding=async data-opt-id=879107393  data-opt-src=\"https:\/\/ml4ds5noqxtv.i.optimole.com\/w:auto\/h:auto\/q:mauto\/g:sm\/f:best\/https:\/\/magictowns.it\/wp-content\/uploads\/2025\/09\/entrance_to_cinecitta.jpg\"  src=\"data:image/svg+xml,%3Csvg%20viewBox%3D%220%200%20100%%20100%%22%20width%3D%22100%%22%20height%3D%22100%%22%20xmlns%3D%22http%3A%2F%2Fwww.w3.org%2F2000%2Fsvg%22%3E%3Crect%20width%3D%22100%%22%20height%3D%22100%%22%20fill%3D%22transparent%22%2F%3E%3C%2Fsvg%3E\" alt=\"\" class=\"wp-image-39098\" title=\"\"><figcaption class=\"wp-element-caption\"><em>L'entr\u00e9e de Cinecitt\u00e0 sur une photo de ihortal.es<\/em><\/figcaption><\/figure>\n\n\n\n<p>C'est peut-\u00eatre le film hollywoodien le plus c\u00e9l\u00e8bre qui l'a propuls\u00e9 vers une renomm\u00e9e internationale : le film de 1980&nbsp;<em>American Gigolo<\/em>. Giorgio a personnellement habill\u00e9 Richard Gere avec une garde-robe Armani devenue iconique - vestes drap\u00e9es faciles, chemises d\u00e9boutonn\u00e9es juste comme il faut - et soudain le monde entier a voulu ce look suave, \u00e0 la fois Vacances romaines et Beverly Hills. D\u00e8s lors, Armani s'est impos\u00e9 dans la conception de costumes, collaborant \u00e0 des films tels que&nbsp;<strong>Les intouchables<\/strong>&nbsp;\u00e0&nbsp;<strong>Gattaca<\/strong>Il a aussi \u00e9t\u00e9 le styliste d'un Who's Who d'acteurs en dehors de l'\u00e9cran. Dans les salles de la Cinecitt\u00e0 de Rome, il est trait\u00e9 comme un cin\u00e9aste. <\/p>\n\n\n\n<p>Pourtant, l'une des histoires les plus tendres liant Armani \u00e0 Rome s'est d\u00e9roul\u00e9e tard dans sa vie : \u00e0 90 ans, <a href=\"https:\/\/graziamagazine.com\/articles\/giorgio-armani-on-his-love-of-cinema\/\" target=\"_blank\" rel=\"noopener\">dans une interview accord\u00e9e \u00e0 Grazia<\/a>Il se comparait \u00e0 un chef d'orchestre, explorant sans cesse de nouvelles variations sur des th\u00e8mes familiers - un clin d'\u0153il, peut-\u00eatre, \u00e0 la fa\u00e7on dont il consid\u00e9rait la mode et le cin\u00e9ma comme des arts parall\u00e8les. Sur les tapis rouges de Rome, Gina Lollobrigida et Sophia Loren ont gliss\u00e9 dans ses robes ; \u00e0 Cinecitt\u00e0, il s'est impr\u00e9gn\u00e9 de la magie qui nourrissait son imagination. Giorgio Armani \u00e9tait peut-\u00eatre milanais d'adoption, mais il \u00e9tait romain dans l'\u00e2me par son amour des grandes histoires et de l'\u00e9l\u00e9gance cin\u00e9matographique.<\/p>\n\n\n\n<h2 class=\"wp-block-heading\"><strong>Venise : L'\u00e9l\u00e9gance sur la sc\u00e8ne mondiale<\/strong><\/h2>\n\n\n\n<p>Il est difficile de penser \u00e0 <a href=\"https:\/\/magictowns.it\/fr\/ville\/venezia-veneto-italy\/\" data-type=\"town\" data-id=\"23823\">Venise<\/a> - Venise opulente, romantique, chatoyante - sans imaginer la pr\u00e9sence \u00e9l\u00e9gante d'Armani. Il \u00e9tait un habitu\u00e9 de la <a class=\"wpil_keyword_link\" href=\"https:\/\/magictowns.it\/fr\/ville\/venezia-veneto-italy\/\" title=\"Venise\" data-wpil-keyword-link=\"linked\" data-wpil-monitor-id=\"655\">Venise<\/a> Chaque ann\u00e9e, les tapis rouges du Lido sont foul\u00e9s par des stars portant ses cr\u00e9ations. Armani avait une affection particuli\u00e8re pour les actrices fortes et gracieuses, et elles pour lui. Cate Blanchett, par exemple, a choisi Armani pour d'innombrables premi\u00e8res ; il l'admirait, ainsi que sa compatriote Nicole Kidman, comme des incarnations de ses id\u00e9aux, affirmant que leur \"charme et leur personnalit\u00e9 extr\u00eames\" refl\u00e9taient parfaitement l'esprit de sa marque.<\/p>\n\n\n\n<figure class=\"wp-block-image size-full\"><img decoding=async data-opt-id=364301966  data-opt-src=\"https:\/\/ml4ds5noqxtv.i.optimole.com\/w:auto\/h:auto\/q:mauto\/g:sm\/f:best\/https:\/\/magictowns.it\/wp-content\/uploads\/2025\/09\/Palazzo_del_Cinema_Venezia_2021_1.jpg\"  src=\"data:image/svg+xml,%3Csvg%20viewBox%3D%220%200%20100%%20100%%22%20width%3D%22100%%22%20height%3D%22100%%22%20xmlns%3D%22http%3A%2F%2Fwww.w3.org%2F2000%2Fsvg%22%3E%3Crect%20width%3D%22100%%22%20height%3D%22100%%22%20fill%3D%22transparent%22%2F%3E%3C%2Fsvg%3E\" alt=\"\" class=\"wp-image-39099\" title=\"\"><figcaption class=\"wp-element-caption\"><em>Le Palazzo del Cinema \u00e0 Venise<\/em><\/figcaption><\/figure>\n\n\n\n<p>Venise appr\u00e9ciait ce genre de style intemporel. En retour, Armani a souvent utilis\u00e9 la ville comme toile de fond pour de grands moments. En 1990, il a organis\u00e9 un d\u00e9fil\u00e9 de mode l\u00e9gendaire au Teatro Fenice et, au fil des ans, il a parrain\u00e9 des expositions d'art et des d\u00eeners de gala dans des palazzi v\u00e9nitiens. M\u00eame si les tendances allaient et venaient, il est rest\u00e9 le ma\u00eetre du glamour discret - une qualit\u00e9 tr\u00e8s en phase avec la grandeur fan\u00e9e et la r\u00e9silience de Venise. En fait, dans son dernier acte de communion avec la ville, Giorgio Armani a choisi Venise pour d\u00e9voiler l'un de ses projets les plus personnels. <\/p>\n\n\n\n<p>Quelques jours avant son d\u00e9c\u00e8s en 2025, il a lanc\u00e9&nbsp;<strong>Armani\/Archivio<\/strong>Il s'agit d'un mus\u00e9e d'archives num\u00e9riques retra\u00e7ant 50 ans de son travail. C'\u00e9tait un moment poignant o\u00f9 la boucle \u00e9tait boucl\u00e9e : le jeune gar\u00e7on qui s'\u00e9merveillait devant les stars de cin\u00e9ma a termin\u00e9 son voyage en pr\u00e9servant son h\u00e9ritage au milieu d'un festival c\u00e9l\u00e9brant l'art et le cin\u00e9ma. Lors de la soir\u00e9e d'ouverture de ce festival, alors que les lumi\u00e8res du Palazzo del Cinema se refl\u00e9taient sur l'Adriatique, beaucoup ont remarqu\u00e9 la chaise vide o\u00f9 Giorgio Armani s'asseyait habituellement.<\/p>\n\n\n\n<h2 class=\"wp-block-heading\"><strong>Pantelleria : Solitude, feu et r\u00e9flexion<\/strong><\/h2>\n\n\n\n<p>En contraste frappant avec le tourbillon social de Venise, Giorgio Armani a trouv\u00e9 refuge sur l'\u00eele isol\u00e9e de Pantelleria. Pendant plus de quarante ans, Pantelleria - un minuscule point volcanique situ\u00e9 entre la Sicile et la Tunisie - a \u00e9t\u00e9 son havre de paix. Ici, Armani n'\u00e9tait pas l'empereur de la mode ou l'h\u00f4te de galas de c\u00e9l\u00e9brit\u00e9s ; il \u00e9tait simplement Giorgio, un insulaire satisfait qui s'occupait de ses jardins en chemise de lin et en sandales. <\/p>\n\n\n\n<p>Il a d\u00e9couvert Pantelleria au d\u00e9but des ann\u00e9es 1980 et a achet\u00e9 un ensemble de vieilles maisons en ruine.&nbsp;<strong>dammusi<\/strong>&nbsp;(maisons traditionnelles en pierre) pour les r\u00e9nover dans son propre style. Le r\u00e9sultat fut une retraite de r\u00eave \u00e0 Cala Gadir : sept dammusi basses \u00e0 d\u00f4me blanc situ\u00e9es parmi 200 palmiers, des vergers d'agrumes et un vignoble o\u00f9 il produisit un vin passito doux appel\u00e9 \"Oasi\". Il raconte qu'en regardant le ciel nocturne clair de Pantelleria, il a ressenti \"un silence pur\" qui a recharg\u00e9 son \u00e2me.<\/p>\n\n\n\n<figure class=\"wp-block-image size-full\"><img decoding=async data-opt-id=115066034  data-opt-src=\"https:\/\/ml4ds5noqxtv.i.optimole.com\/w:auto\/h:auto\/q:mauto\/g:sm\/f:best\/https:\/\/magictowns.it\/wp-content\/uploads\/2025\/09\/bay-of-gadir-in-pantelleria.jpg\"  src=\"data:image/svg+xml,%3Csvg%20viewBox%3D%220%200%20100%%20100%%22%20width%3D%22100%%22%20height%3D%22100%%22%20xmlns%3D%22http%3A%2F%2Fwww.w3.org%2F2000%2Fsvg%22%3E%3Crect%20width%3D%22100%%22%20height%3D%22100%%22%20fill%3D%22transparent%22%2F%3E%3C%2Fsvg%3E\" alt=\"\" class=\"wp-image-39100\" title=\"\"><figcaption class=\"wp-element-caption\"><em>Vue de la baie de Gadir \u00e0 Pantelleria o\u00f9 se trouve la maison d'\u00e9t\u00e9 d'Armani.<\/em><\/figcaption><\/figure>\n\n\n\n<p>Pantelleria a \u00e9galement fait ressortir le c\u00f4t\u00e9 aventureux et terreux d'Armani. Les habitants le voyaient conduire sa Jeep sur des routes poussi\u00e9reuses ou n\u00e9gocier avec les p\u00eacheurs la prise du jour au port.&nbsp;<em>\"Je viens sur cette \u00eele depuis des d\u00e9cennies, je m'en sens citoyen\".<\/em>&nbsp;\u00e9crit-il au maire de Pantelleria en 2022, louant la \"qualit\u00e9 humaine unique et vibrante\" de la population. <\/p>\n\n\n\n<p>Cette ann\u00e9e-l\u00e0, Pantelleria a mis son amour \u00e0 l'\u00e9preuve : en ao\u00fbt 2022, un gigantesque incendie s'est d\u00e9clar\u00e9, mena\u00e7ant les habitations de toute l'\u00eele. Armani se trouvait dans sa villa cette nuit-l\u00e0 et fut l'un des premiers \u00e0 apercevoir la lueur rouge des flammes au loin. Il a donn\u00e9 l'alerte et aid\u00e9 \u00e0 l'\u00e9vacuation de ses voisins et amis. Dans le chaos, lui et ses invit\u00e9s ont fui en voiture jusqu'au port et sont mont\u00e9s sur son bateau pour se mettre \u00e0 l'abri. Pendant un certain temps, personne n'a pu retrouver Giorgio, jusqu'\u00e0 ce qu'il r\u00e9apparaisse, couvert de suie mais calme. Ce n'est que plus tard qu'il a admis qu'il s'\u00e9tait pr\u00e9cipit\u00e9 \u00e0 la villa pour r\u00e9cup\u00e9rer quelque chose : ni argent ni bijoux, mais une bague en diamant qui lui \u00e9tait ch\u00e8re et qui lui avait \u00e9t\u00e9 offerte par son ami de longue date, Leo Dell'Orco.&nbsp;<em>\"Le voici\".<\/em>&nbsp;<a href=\"https:\/\/www.corriere.it\/cronache\/24_ottobre_13\/giorgio-armani-intervista-64f67122-8ed8-4171-8075-b9c96bd3fxlk.shtml\" target=\"_blank\" rel=\"noopener\">il a d\u00e9clar\u00e9 par la suite<\/a>Il montre la bague qu'il porte au doigt.&nbsp;<em>\"Leo me l'a donn\u00e9 et je devais le sauver.<\/em>. <\/p>\n\n\n\n<p>Il s'agissait d'un geste classique d'Armani, qui privil\u00e9gie la loyaut\u00e9 et l'amour plut\u00f4t que les objets, m\u00eame en cas de crise. Heureusement, les pompiers ont sauv\u00e9 son dammusi et les vignobles de l'\u00eele, et Armani a imm\u00e9diatement fait un don g\u00e9n\u00e9reux pour aider au r\u00e9tablissement de Pantelleria. Dans les mois qui ont suivi, il a pass\u00e9 plus de temps que jamais sur l'\u00eele, profitant de sa tranquillit\u00e9 bienfaisante. Ses voisins racontent qu'il nageait le matin dans les criques turquoise et qu'il aimait organiser de simples d\u00eeners de spaghettis alle vongole sous les \u00e9toiles. <\/p>\n\n\n\n<p>C'est \u00e0 Pantelleria que Giorgio Armani a pu se d\u00e9barrasser des attentes du monde et se contenter d'\u00eatre un homme d'affaires.&nbsp;<em>\u00eatre<\/em>. C'est \u00e9galement l\u00e0 qu'il a pass\u00e9 ses derniers jours d'\u00e9t\u00e9. Dans ce paradis sauvage, au milieu du silence et des brises marines, le l\u00e9gendaire designer \u00e9tait tout simplement un homme en paix - r\u00e9fl\u00e9chi, priv\u00e9 et entour\u00e9 de la beaut\u00e9 naturelle qu'il ch\u00e9rissait.<\/p>\n\n\n\n<hr class=\"wp-block-separator has-alpha-channel-opacity\"\/>\n\n\n\n<p>Dans chacun de ces lieux -&nbsp;<strong>Plaisance, Misano Adriatico, Milan, Rome, Venise,<\/strong>&nbsp;et&nbsp;<strong>Pantelleria<\/strong>&nbsp;- Giorgio Armani a laiss\u00e9 une empreinte aussi ind\u00e9l\u00e9bile que celle qu'ils ont laiss\u00e9e sur lui. Son parcours se lit comme une autobiographie g\u00e9ographique : une constellation de villes italiennes qui, ensemble, ont form\u00e9 la trame de sa vie. D'une enfance \u00e0 chasser les lucioles au bord du P\u00f4 \u00e0 une c\u00e9l\u00e9brit\u00e9 mondiale sous les projecteurs de Milan ; d'un amour naissant sur une plage de l'Adriatique \u00e0 des ovations \u00e0 Venise ; de r\u00eaves cin\u00e9matographiques \u00e0 Rome \u00e0 des couchers de soleil contemplatifs sur une \u00eele minuscule - l'histoire de Giorgio Armani s'est tiss\u00e9e sur la carte m\u00eame de l'Italie. <\/p>\n\r\n\t\t\t<div id=\"daexthefu-container\"\r\n\t\t\t\tclass=\"daexthefu-container daexthefu-layout-side-by-side daexthefu-alignment-center\"\r\n\t\t\t\tdata-post-id=\"39094\">\r\n\r\n\t\t\t\t<div class=\"daexthefu-feedback\">\r\n\t\t\t\t\t<div class=\"daexthefu-text\">\r\n\t\t\t\t\t\t<h3 class=\"daexthefu-title\">Cela a-t-il \u00e9t\u00e9 utile ?<\/h3>\r\n\t\t\t\t\t<\/div>\r\n\t\t\t\t\t<div class=\"daexthefu-buttons-container\">\r\n\t\t\t\t\t\t<div class=\"daexthefu-buttons\">\r\n\t\t\t\t\t\t\t\r\n\t\t\t<div class=\"daexthefu-yes daexthefu-button daexthefu-button-type-text\" data-value=\"1\">\r\n\t\t\t\t<div class=\"daexthefu-button-text\">\u2705 Oui<\/div>\r\n\t\t\t<\/div>\r\n\r\n\t\t\t\t\t\t\t\t\t\t\r\n\t\t\t<div class=\"daexthefu-no daexthefu-button daexthefu-button-type-text\" data-value=\"0\">\r\n\t\t\t\t<div class=\"daexthefu-button-text\">\u274c Non<\/div>\r\n\t\t\t<\/div>\r\n\r\n\t\t\t\t\t\t\t\t\t<\/div>\r\n\t\t\t\t\t<\/div>\r\n\t\t\t\t<\/div>\r\n\r\n\t\t\t\t<div class=\"daexthefu-comment\">\r\n\t\t\t\t\t<div class=\"daexthefu-comment-top-container\">\r\n\t\t\t\t\t\t<label id=\"daexthefu-comment-label\" class=\"daexthefu-comment-label\"><\/label>\r\n\t\t\t\t\t\t\t\t\t\t\t\t\t<div class=\"daexthefu-comment-character-counter-container\">\r\n\t\t\t\t\t\t\t\t<div id=\"daexthefu-comment-character-counter-number\"\r\n\t\t\t\t\t\t\t\t\tclass=\"daexthefu-comment-character-counter-number\"><\/div>\r\n\t\t\t\t\t\t\t\t<div class=\"daexthefu-comment-character-counter-text\"><\/div>\r\n\t\t\t\t\t\t\t<\/div>\r\n\t\t\t\t\t\t\t\t\t\t\t<\/div>\r\n\t\t\t\t\t<textarea id=\"daexthefu-comment-textarea\" class=\"daexthefu-comment-textarea\"\r\n\t\t\t\t\t\t\t\tplaceholder=\"Tapez votre message\"\r\n\t\t\t\t\t\t\t\tmaxlength=\"\t\t\t\t\t\t\t\t400\t\t\t\t\t\t\t\t\t\"><\/textarea>\r\n\t\t\t\t\t<div class=\"daexthefu-comment-buttons-container\">\r\n\t\t\t\t\t\t<button class=\"daexthefu-comment-submit daexthefu-button\">Soumettre<\/button>\r\n\t\t\t\t\t\t<button class=\"daexthefu-comment-cancel daexthefu-button\">Annuler<\/button>\r\n\t\t\t\t\t<\/div>\r\n\t\t\t\t<\/div>\r\n\r\n\t\t\t\t<div class=\"daexthefu-successful-submission-text\">Merci pour vos commentaires !<\/div>\r\n\r\n\t\t\t<\/div>","protected":false},"excerpt":{"rendered":"<p>Giorgio Armani, l'incarnation de l'\u00e9l\u00e9gance tranquille, est d\u00e9c\u00e9d\u00e9 \u00e0 l'\u00e2ge de 91 ans. Voyage \u00e0 travers les villes italiennes qui ont fa\u00e7onn\u00e9 sa vie, de Piacenza \u00e0 Milan.<\/p>","protected":false},"author":6,"featured_media":39095,"comment_status":"closed","ping_status":"open","sticky":false,"template":"single-fullwidth.php","format":"standard","meta":{"_acf_changed":false,"_helpful_status":1,"sync_status":"","episode_type":"","audio_file":"","podmotor_file_id":"","podmotor_episode_id":"","castos_file_data":"","cover_image":"","cover_image_id":"","duration":"","filesize":"","filesize_raw":"","date_recorded":"","explicit":"","block":"","itunes_episode_number":"","itunes_title":"","itunes_season_number":"","itunes_episode_type":"","footnotes":""},"categories":[32,1323],"tags":[1307,1308,1310,1309,1311,1312],"class_list":{"0":"post-39094","1":"post","2":"type-post","3":"status-publish","4":"format-standard","5":"has-post-thumbnail","7":"category-culture","8":"category-how-italy-works","9":"tag-giorgio-armani","10":"tag-milan","11":"tag-pantelleria","12":"tag-piacenza","13":"tag-rimini","14":"tag-venice"},"acf":[],"menu_order":0,"_links":{"self":[{"href":"https:\/\/magictowns.it\/fr\/wp-json\/wp\/v2\/posts\/39094","targetHints":{"allow":["GET"]}}],"collection":[{"href":"https:\/\/magictowns.it\/fr\/wp-json\/wp\/v2\/posts"}],"about":[{"href":"https:\/\/magictowns.it\/fr\/wp-json\/wp\/v2\/types\/post"}],"author":[{"embeddable":true,"href":"https:\/\/magictowns.it\/fr\/wp-json\/wp\/v2\/users\/6"}],"replies":[{"embeddable":true,"href":"https:\/\/magictowns.it\/fr\/wp-json\/wp\/v2\/comments?post=39094"}],"version-history":[{"count":4,"href":"https:\/\/magictowns.it\/fr\/wp-json\/wp\/v2\/posts\/39094\/revisions"}],"predecessor-version":[{"id":39450,"href":"https:\/\/magictowns.it\/fr\/wp-json\/wp\/v2\/posts\/39094\/revisions\/39450"}],"wp:featuredmedia":[{"embeddable":true,"href":"https:\/\/magictowns.it\/fr\/wp-json\/wp\/v2\/media\/39095"}],"wp:attachment":[{"href":"https:\/\/magictowns.it\/fr\/wp-json\/wp\/v2\/media?parent=39094"}],"wp:term":[{"taxonomy":"category","embeddable":true,"href":"https:\/\/magictowns.it\/fr\/wp-json\/wp\/v2\/categories?post=39094"},{"taxonomy":"post_tag","embeddable":true,"href":"https:\/\/magictowns.it\/fr\/wp-json\/wp\/v2\/tags?post=39094"}],"curies":[{"name":"wp","href":"https:\/\/api.w.org\/{rel}","templated":true}]}}