{"id":22364,"date":"2024-08-30T12:40:09","date_gmt":"2024-08-30T10:40:09","guid":{"rendered":"https:\/\/magictowns.it\/?p=22364"},"modified":"2026-03-05T11:37:45","modified_gmt":"2026-03-05T10:37:45","slug":"lhistoire-de-la-venetie-a-partir-des-annees-1950-a-travers-les-evenements-marquants","status":"publish","type":"post","link":"https:\/\/magictowns.it\/fr\/the-history-of-veneto-from-the-1950s-onwards-through-key-events\/","title":{"rendered":"L'histoire de la V\u00e9n\u00e9tie depuis les ann\u00e9es 1950 \u00e0 travers les \u00e9v\u00e9nements marquants"},"content":{"rendered":"<p>La p\u00e9riode qui a suivi la Seconde Guerre mondiale a marqu\u00e9 une \u00e8re de transformation pour l'Italie, connue sous le nom de \"miracle \u00e9conomique italien\". Comme beaucoup d'autres pays, l'Italie a \u00e9t\u00e9 confront\u00e9e \u00e0 l'\u00e9norme d\u00e9fi de reconstruire une nation marqu\u00e9e par des ann\u00e9es de conflit et de destruction. Les trois ann\u00e9es qui ont suivi la guerre ont d\u00e9termin\u00e9 la trajectoire future du pays.<\/p>\n\n\n\n<p>La remarquable r\u00e9surgence \u00e9conomique de l'Italie est l'un des r\u00e9sultats les plus significatifs de cette \u00e9poque. Les efforts pour restaurer et moderniser l'\u00e9conomie se sont concentr\u00e9s en particulier dans les r\u00e9gions du nord, dans ce que l'on appelle le triangle industriel. Cette pouss\u00e9e vers l'industrialisation et l'innovation a conduit \u00e0 un boom \u00e9conomique spectaculaire, remodelant la place de l'Italie sur la sc\u00e8ne internationale.<\/p>\n\n\n\n<p>Dans les paragraphes suivants, vous en apprendrez davantage sur les \u00e9l\u00e9ments et les personnages cl\u00e9s qui ont aliment\u00e9 la reconstruction et la croissance \u00e9conomique de l'Italie d'apr\u00e8s-guerre et qui ont fa\u00e7onn\u00e9 l'identit\u00e9 moderne du pays.<\/p>\n\n\n\n<h2 class=\"wp-block-heading\">1950-60s : Reconstruction d'apr\u00e8s-guerre et croissance \u00e9conomique&nbsp;&nbsp;&nbsp;<\/h2>\n\n\n\n<p>Au lendemain de la Seconde Guerre mondiale, il est devenu \u00e9vident que la V\u00e9n\u00e9tie \u00e9tait d\u00e9termin\u00e9e \u00e0 se reconstruire et \u00e0 prosp\u00e9rer. Les ann\u00e9es 1950 et 1960 ont marqu\u00e9 un tournant pour la r\u00e9gion, qui est pass\u00e9e d'un pass\u00e9 agricole \u00e0 une nouvelle \u00e8re d'industrialisation.<\/p>\n\n\n\n<p>Ce changement important s'est accompagn\u00e9 d'autres grandes transformations, comme la pr\u00e9sence d'usines dans toute la r\u00e9gion, qui a compl\u00e8tement chang\u00e9 la fa\u00e7on dont les gens gagnaient leur vie. Des industries telles que le textile, les machines et les produits chimiques ont pris le devant de la sc\u00e8ne et l'\u00e9conomie de la V\u00e9n\u00e9tie a commenc\u00e9 \u00e0 \u00eatre aliment\u00e9e, lentement mais s\u00fbrement.<\/p>\n\n\n\n<p>Cette p\u00e9riode d'expansion industrielle rapide a \u00e9galement eu un impact sur la vie sociale et culturelle. Les familles qui vivaient autrefois de l'agriculture se sont retrouv\u00e9es attir\u00e9es vers les centres urbains \u00e0 la recherche d'emplois dans le secteur industriel en plein essor. Cette migration a finalement commenc\u00e9 \u00e0 remodeler les communaut\u00e9s de V\u00e9n\u00e9tie et la r\u00e9gion a commenc\u00e9 \u00e0 se d\u00e9velopper davantage.<\/p>\n\n\n\n<p>Au fil des progr\u00e8s et des transformations, des entreprises embl\u00e9matiques telles que Benetton, Campagnolo et Luxottica sont apparues comme des pr\u00e9curseurs et ont lanc\u00e9 l'esprit d'entreprise qui a d\u00e9fini l'ascension de la V\u00e9n\u00e9tie. Leurs r\u00e9ussites ont \u00e9t\u00e9 associ\u00e9es \u00e0 l'histoire de la r\u00e9gion, symbolisant la prosp\u00e9rit\u00e9 \u00e9conomique ainsi que la r\u00e9silience et la cr\u00e9ativit\u00e9 de ses habitants.<\/p>\n\n\n\n<h2 class=\"wp-block-heading\">Inondations de 1951<\/h2>\n\n\n\n<p>L'ann\u00e9e 1951 a \u00e9t\u00e9 marqu\u00e9e par l'une des catastrophes naturelles les plus d\u00e9vastatrices de l'Italie, avec des pluies diluviennes qui se sont abattues pendant des mois sur les r\u00e9gions du centre-nord, du sud et des \u00eeles. Le P\u00f4, le plus long fleuve du pays, n'a cess\u00e9 de gonfler, rompant les digues. L'insuffisance des d\u00e9fenses contre les inondations est devenue \u00e9vidente lorsque l'embouchure du fleuve n'a pas r\u00e9ussi \u00e0 contenir efficacement la mont\u00e9e des eaux.<\/p>\n\n\n\n<p>Les inondations ont d\u00e9ferl\u00e9 sur la r\u00e9gion de Polesine, causant la mort de 84 personnes et faisant 180 000 sans-abri. Des d\u00e9cennies de n\u00e9gligence dans la conservation des sols, de d\u00e9forestation et de mauvais entretien des digues avaient pr\u00e9par\u00e9 le terrain \u00e0 la catastrophe.<\/p>\n\n\n\n<h2 class=\"wp-block-heading\">1963 Catastrophe du barrage de Vajont<\/h2>\n\n\n\n<p>Le d\u00e9sastre du barrage de Vajont, le 9 octobre 1963, a \u00e9t\u00e9 un autre \u00e9v\u00e9nement tragique dans le nord-est de l'Italie. Un \u00e9norme glissement de terrain provenant du Monte Toc s'est \u00e9cras\u00e9 sur le r\u00e9servoir du barrage de Vajont, d\u00e9pla\u00e7ant 260 millions de m\u00e8tres cubes d'eau et cr\u00e9ant une vague de plus de 250 m\u00e8tres de haut. Cette vague a d\u00e9ferl\u00e9 sur le barrage, provoquant des inondations catastrophiques et d\u00e9truisant plusieurs villes, notamment <a class=\"wpil_keyword_link\" href=\"https:\/\/magictowns.it\/fr\/ville\/longarone-veneto-italie\/\"   title=\"Longarone\" data-wpil-keyword-link=\"linked\"  data-wpil-monitor-id=\"2349\">Longarone<\/a>, Le nombre de d\u00e9c\u00e8s a atteint pr\u00e8s de 2 000.<\/p>\n\n\n\n<p>Les enqu\u00eates ont r\u00e9v\u00e9l\u00e9 que les avertissements concernant l'instabilit\u00e9 du Monte Toc avaient \u00e9t\u00e9 ignor\u00e9s. Le d\u00e9sastre du barrage de Vajont a conduit \u00e0 des changements de politique pour \u00e9viter de nouvelles trag\u00e9dies et a mis en \u00e9vidence l'importance d'\u00e9couter l'expertise scientifique dans les projets d'ing\u00e9nierie.<\/p>\n\n\n\n<h2 class=\"wp-block-heading\">Mouvement pour la sauvegarde de Venise<\/h2>\n\n\n\n<p>La sauvegarde <a class=\"wpil_keyword_link\" href=\"https:\/\/magictowns.it\/fr\/ville\/venezia-veneto-italy\/\"   title=\"Venise\" data-wpil-keyword-link=\"linked\"  data-wpil-monitor-id=\"2348\">Venise<\/a> Le mouvement a vu le jour dans les ann\u00e9es 1960 en r\u00e9ponse au besoin urgent de prot\u00e9ger le patrimoine culturel de Venise contre la mont\u00e9e des eaux et les menaces de pollution. Les structures embl\u00e9matiques de la ville risquaient d'\u00eatre endommag\u00e9es et d\u00e9t\u00e9rior\u00e9es, ce qui a attir\u00e9 l'attention et le soutien de la communaut\u00e9 internationale sur ce mouvement.<\/p>\n\n\n\n<p>Cette prise de conscience s'est traduite par un financement important de projets de restauration visant \u00e0 pr\u00e9server les tr\u00e9sors architecturaux et artistiques uniques de Venise.&nbsp;<\/p>\n\n\n\n<p>Aujourd'hui, le mouvement \"Save Venice\" est un puissant \u00e9l\u00e9ment d'action collective visant \u00e0 prot\u00e9ger le patrimoine culturel pour les g\u00e9n\u00e9rations futures, malgr\u00e9 les d\u00e9fis d'un monde en constante \u00e9volution.<\/p>\n\n\n\n<h2 class=\"wp-block-heading\">1970s : Mouvements sociopolitiques et \u00e9v\u00e9nements culturels<\/h2>\n\n\n\n<h3 class=\"wp-block-heading\">Mouvements autonomes<\/h3>\n\n\n\n<p>Dans les ann\u00e9es 1970, des mouvements sociopolitiques et des \u00e9v\u00e9nements culturels ont commenc\u00e9 \u00e0 fa\u00e7onner le soutien des r\u00e9gions italiennes \u00e0 une plus grande autonomie. On assiste \u00e0 une mont\u00e9e du r\u00e9gionalisme, avec des mouvements tels que le<a href=\"https:\/\/en.wikipedia.org\/wiki\/Liga_Veneta\" target=\"_blank\" rel=\"noopener\"> Liga Veneta<\/a> soutenir l'autonomie et la pr\u00e9servation de la culture. Ces mouvements ont lanc\u00e9 des d\u00e9bats sur l'\u00e9quilibre entre les identit\u00e9s r\u00e9gionales et l'unit\u00e9 nationale et ont jet\u00e9 les bases d'importantes transformations politiques au cours des d\u00e9cennies suivantes.<\/p>\n\n\n\n<h3 class=\"wp-block-heading\">Biennale de Venise<\/h3>\n\n\n\n<p>La Biennale de 1972 a \u00e9t\u00e9 un moment historique au cours duquel des artistes d'avant-garde tels que Joseph Beuys et Marcel Broodthaers ont remis en question les notions conventionnelles de l'art, repoussant les limites et red\u00e9finissant l'expression artistique. Leurs contributions audacieuses ont dynamis\u00e9 la Biennale et l'ont positionn\u00e9e en tant que leader mondial dans la promotion de l'art contemporain de pointe, renfor\u00e7ant ainsi le statut de Venise en tant qu'\u00e9picentre culturel.<\/p>\n\n\n\n<h3 class=\"wp-block-heading\">Festival du film de Venise<\/h3>\n\n\n\n<p>Parall\u00e8lement au monde de l'art, le festival du film de Venise s'est \u00e9panoui dans les ann\u00e9es 1970, attirant des cin\u00e9astes de renom et des cin\u00e9philes du monde entier. Des r\u00e9alisateurs estim\u00e9s comme Federico Fellini et Ingmar Bergman ont honor\u00e9 le festival de leur pr\u00e9sence, ce qui a ajout\u00e9 au prestige de l'\u00e9v\u00e9nement.<\/p>\n\n\n\n<p>Des films notables comme \"Amarcord\" de Fellini et \"Sc\u00e8nes de mariage\" de Bergman ont captiv\u00e9 le public et la critique et ont contribu\u00e9 \u00e0 l'h\u00e9ritage du festival.<\/p>\n\n\n\n<h2 class=\"wp-block-heading\">Les ann\u00e9es 1980 : R\u00e9cession \u00e9conomique et reprise<\/h2>\n\n\n\n<p>Les ann\u00e9es 80 ont \u00e9t\u00e9 une p\u00e9riode turbulente pour l'Italie, caract\u00e9ris\u00e9e par la r\u00e9cession \u00e9conomique et les efforts de redressement qui en ont d\u00e9coul\u00e9. S'appuyant sur les d\u00e9fis de la d\u00e9cennie pr\u00e9c\u00e9dente, les premi\u00e8res ann\u00e9es ont \u00e9t\u00e9 marqu\u00e9es par une hausse du ch\u00f4mage, aggrav\u00e9e par les effets de la r\u00e9cession des ann\u00e9es 1970.<\/p>\n\n\n\n<p>Les gr\u00e8ves et les manifestations des travailleurs de l'industrie chimique des usines de Marghera, situ\u00e9es \u00e0 la p\u00e9riph\u00e9rie de Venise, ont \u00e9t\u00e9 particuli\u00e8rement marquantes. Ces manifestations ont mis en \u00e9vidence les difficult\u00e9s \u00e9conomiques auxquelles sont confront\u00e9s les travailleurs de l'industrie et ont soulign\u00e9 l'urgence de prendre des mesures.<\/p>\n\n\n\n<p>En r\u00e9ponse \u00e0 la r\u00e9cession \u00e9conomique, les efforts de relance des ann\u00e9es 1980 se sont concentr\u00e9s sur la diversification industrielle et l'expansion du secteur des services. Les d\u00e9cideurs politiques ont cherch\u00e9 \u00e0 encourager l'innovation et l'investissement dans les secteurs \u00e9mergents.<\/p>\n\n\n\n<h2 class=\"wp-block-heading\">1982 Festival international du film de Venise<\/h2>\n\n\n\n<p>Parmi ces d\u00e9fis \u00e9conomiques et ces efforts de redressement, le Festival international du film de Venise est rest\u00e9 l'espoir d'un rayonnement culturel et d'une reconnaissance internationale. L'\u00e9dition 1982 du festival, en particulier, a attir\u00e9 l'attention du monde entier avec la projection de \"<a href=\"https:\/\/m.imdb.com\/list\/ls079589206\/\" target=\"_blank\" rel=\"noopener\">Blade Runner<\/a>un film de science-fiction r\u00e9volutionnaire r\u00e9alis\u00e9 par Ridley Scott et interpr\u00e9t\u00e9 par Harrison Ford.<\/p>\n\n\n\n<h2 class=\"wp-block-heading\">1990s : L'incident de Tanko et les changements politiques<\/h2>\n\n\n\n<p>Les ann\u00e9es 1990 en V\u00e9n\u00e9tie, en Italie, ont \u00e9t\u00e9 marqu\u00e9es par des \u00e9v\u00e9nements qui ont refl\u00e9t\u00e9 les troubles politiques et les changements dans la dynamique r\u00e9gionale. L'un de ces \u00e9v\u00e9nements a \u00e9t\u00e9 le tristement c\u00e9l\u00e8bre<a href=\"https:\/\/commons.wikimedia.org\/wiki\/File:Tanko1.jpg\" target=\"_blank\" rel=\"noopener\"> Incident de Tanko<\/a>qui a attir\u00e9 l'attention de la communaut\u00e9 internationale sur les mouvements s\u00e9paratistes du nord de l'Italie. Dans une d\u00e9monstration spectaculaire, un groupe de s\u00e9paratistes v\u00e9nitiens a conduit un v\u00e9hicule blind\u00e9 de fabrication artisanale sur l'embl\u00e9matique place Saint-Marc, tentant de d\u00e9clarer son ind\u00e9pendance. Cet acte audacieux a non seulement fait la une des journaux du monde entier, mais il a \u00e9galement mis en \u00e9vidence les tensions et les aspirations \u00e0 l'autonomie dans la r\u00e9gion de la V\u00e9n\u00e9tie.<\/p>\n\n\n\n<h3 class=\"wp-block-heading\">Changements politiques<\/h3>\n\n\n\n<p>L'aspect politique de la V\u00e9n\u00e9tie a connu des changements significatifs influenc\u00e9s par la mont\u00e9e du parti Lega Nord. Ce parti pr\u00f4nait&nbsp;&nbsp;<\/p>\n\n\n\n<p>pour l'autonomie r\u00e9gionale et le f\u00e9d\u00e9ralisme, ce qui a trouv\u00e9 un \u00e9cho aupr\u00e8s de la population de la V\u00e9n\u00e9tie. L'ascension du parti a marqu\u00e9 le d\u00e9but d'une nouvelle \u00e8re de discours politique en V\u00e9n\u00e9tie. Celle-ci se caract\u00e9rise par des appels \u00e0 une plus grande autod\u00e9termination et \u00e0 la d\u00e9l\u00e9gation de pouvoirs du gouvernement national aux autorit\u00e9s r\u00e9gionales.<\/p>\n\n\n\n<h2 class=\"wp-block-heading\">2000s : Pr\u00e9servation de l'environnement et de la culture<\/h2>\n\n\n\n<p>Les ann\u00e9es 2000 ont \u00e9t\u00e9 marqu\u00e9es par un regain d'int\u00e9r\u00eat pour la pr\u00e9servation de l'environnement et de la culture \u00e0 Venise, en Italie. La ville a d\u00fb faire face aux d\u00e9fis de la mont\u00e9e du niveau des mers et \u00e0 l'imp\u00e9ratif de prot\u00e9ger son riche patrimoine artistique.<\/p>\n\n\n\n<p>En 2002, Venise a \u00e9t\u00e9 frapp\u00e9e par de graves inondations qui ont suscit\u00e9 des inqui\u00e9tudes quant \u00e0 la possibilit\u00e9 pour la ville d'\u00eatre envahie par les eaux de la mer Adriatique. En r\u00e9action, des efforts accrus ont \u00e9t\u00e9 d\u00e9ploy\u00e9s pour prot\u00e9ger Venise contre de futures inondations.<a href=\"https:\/\/www.mosevenezia.eu\/project?lang=en\" target=\"_blank\" rel=\"noopener\"> Projet MOSE<\/a>. (Pour en savoir plus, voir les paragraphes ci-dessous). Ce vaste projet visait \u00e0 construire un syst\u00e8me de barri\u00e8res mobiles contre les inondations afin d'\u00e9viter l'impact des mar\u00e9es hautes et des ondes de temp\u00eate.<\/p>\n\n\n\n<h3 class=\"wp-block-heading\">Biennale et festival du film de Venise<\/h3>\n\n\n\n<p>Les<a href=\"https:\/\/www.labiennale.org\/en\" target=\"_blank\" rel=\"noopener\"> Biennale de Venise<\/a> et le festival du film ont continu\u00e9 \u00e0 captiver le public dans le monde entier. Ils ont servi de plateformes de premier plan pour pr\u00e9senter l'art et le cin\u00e9ma contemporains.<\/p>\n\n\n\n<p>En 2003, la Biennale a pr\u00e9sent\u00e9 les \u0153uvres d'artistes renomm\u00e9s tels qu'Olafur Eliasson, dont les installations ont remis en question la perception de l'espace et de la lumi\u00e8re. De m\u00eame, le festival du film de Venise 2004 a vu la premi\u00e8re de films acclam\u00e9s par la critique comme \"Brokeback Mountain\".<\/p>\n\n\n\n<h2 class=\"wp-block-heading\">2010s : D\u00e9fis en mati\u00e8re d'infrastructures et d'environnement<\/h2>\n\n\n\n<p>Les ann\u00e9es 2010 ont \u00e9t\u00e9 marqu\u00e9es par un m\u00e9lange de d\u00e9veloppements d'infrastructures, de mouvements politiques et de d\u00e9fis environnementaux qui ont fa\u00e7onn\u00e9 l'avenir de Venise et de sa r\u00e9gion.<\/p>\n\n\n\n<p>L'un des \u00e9v\u00e9nements les plus marquants a \u00e9t\u00e9 l'activation partielle et l'ach\u00e8vement de la<a href=\"https:\/\/www.mosevenezia.eu\/project?lang=en\" target=\"_blank\" rel=\"noopener\"> Projet MOSE<\/a>qui repr\u00e9sentait les efforts de la ville pour lutter contre les inondations. Ce projet ambitieux, qui vise \u00e0 d\u00e9ployer un syst\u00e8me de barri\u00e8res contre les inondations, marque une \u00e9tape importante dans la protection de Venise contre l'\u00e9l\u00e9vation du niveau de la mer et les mar\u00e9es hautes r\u00e9currentes qui menacent son existence.<\/p>\n\n\n\n<h2 class=\"wp-block-heading\">R\u00e9f\u00e9rendum sur l'ind\u00e9pendance de 2014<\/h2>\n\n\n\n<p>En 2014, la r\u00e9gion a connu un autre \u00e9v\u00e9nement notable : un r\u00e9f\u00e9rendum sur l'ind\u00e9pendance. Bien que non officiel, le r\u00e9f\u00e9rendum en ligne a soutenu l'ind\u00e9pendance de la V\u00e9n\u00e9tie vis-\u00e0-vis de l'Italie. Bien que le r\u00e9sultat n'ait pas entra\u00een\u00e9 de changements politiques imm\u00e9diats, il a rappel\u00e9 les appels constants en faveur d'une plus grande autonomie et d'une plus grande autod\u00e9termination en V\u00e9n\u00e9tie.<\/p>\n\n\n\n<h2 class=\"wp-block-heading\">2019 Inondations \u00e0 Venise<\/h2>\n\n\n\n<p>Cependant, malgr\u00e9 ces mouvements politiques et ces progr\u00e8s en mati\u00e8re d'infrastructures, Venise a continu\u00e9 \u00e0 faire face \u00e0 des d\u00e9fis environnementaux, comme les inondations de 2019. Les inondations ont caus\u00e9 des dommages consid\u00e9rables aux infrastructures, au patrimoine culturel et \u00e0 l'\u00e9conomie de la ville. Cet \u00e9v\u00e9nement catastrophique a fait ressortir l'urgence de s'attaquer aux impacts du changement climatique et de renforcer les mesures de r\u00e9silience afin de prot\u00e9ger Venise et ses habitants des malheurs \u00e0 venir.<\/p>\n\n\n\n<h2 class=\"wp-block-heading\">2020s : Pand\u00e9mie de COVID-19 et impact \u00e9conomique<\/h2>\n\n\n\n<h3 class=\"wp-block-heading\">COVID-19 Impact<\/h3>\n\n\n\n<p>L'apparition de la pand\u00e9mie de COVID-19 dans les ann\u00e9es 2020 a entra\u00een\u00e9 des d\u00e9fis sans pr\u00e9c\u00e9dent pour Venise et ses r\u00e9gions environnantes, affectant \u00e0 la fois l'\u00e9conomie locale et la vie quotidienne des habitants. Alors que les restrictions de voyage et les mesures de confinement ont \u00e9t\u00e9 appliqu\u00e9es dans le monde entier, Venise, qui d\u00e9pend fortement du tourisme, a connu une baisse spectaculaire du nombre de visiteurs. L'activit\u00e9 \u00e9conomique s'en est trouv\u00e9e pratiquement paralys\u00e9e.<\/p>\n\n\n\n<p>En outre, la r\u00e9gion de la V\u00e9n\u00e9tie a d\u00fb faire face \u00e0 ses propres d\u00e9fis pendant la pand\u00e9mie, avec <a class=\"wpil_keyword_link\" href=\"https:\/\/magictowns.it\/fr\/ville\/vo-veneto-italy\/\" title=\"Vo&#039;\" data-wpil-keyword-link=\"linked\" data-wpil-monitor-id=\"2350\">Vo'<\/a> Euganeo, pr\u00e8s de Padoue, est devenu l'un des premiers \u00e9picentres de l'\u00e9pid\u00e9mie en Europe.&nbsp;<\/p>\n\n\n\n<h2 class=\"wp-block-heading\">Mouvements sociaux et protestations notables<\/h2>\n\n\n\n<h3 class=\"wp-block-heading\">Manifestations \"Quote Latte\" (en anglais)<\/h3>\n\n\n\n<p>Les manifestations \"Quote Latte\" qui se sont d\u00e9roul\u00e9es en 2009 et 2010 ont repr\u00e9sent\u00e9 un mouvement important au sein de la communaut\u00e9 agricole, en particulier parmi les agriculteurs de r\u00e9gions comme la V\u00e9n\u00e9tie. Ces manifestations ont mis en \u00e9vidence les effets n\u00e9fastes de ces politiques sur la vie des agriculteurs et les \u00e9conomies r\u00e9gionales.<\/p>\n\n\n\n<p>Le terme \"Quote Latte\" lui-m\u00eame, qui signifie \"quotas de lait\", est devenu embl\u00e9matique de la lutte des agriculteurs contre les r\u00e9glementations bureaucratiques.<\/p>\n\n\n\n<p>Les manifestations ont suscit\u00e9 une grande attention, tant au niveau national qu'international. Les agriculteurs sont descendus dans la rue, organisant des manifestations et des rassemblements pour exprimer leurs griefs et exiger des r\u00e9formes qui offriraient une plus grande flexibilit\u00e9 et un meilleur soutien aux producteurs agricoles. Le mouvement a servi de plateforme d'action collective et a suscit\u00e9 un d\u00e9bat public sur la n\u00e9cessit\u00e9 d'adopter des pratiques agricoles plus \u00e9quitables et plus durables.<\/p>\n\n\n\n<h2 class=\"wp-block-heading\">Conclusion<\/h2>\n\n\n\n<p>Au cours des sept derni\u00e8res d\u00e9cennies, la V\u00e9n\u00e9tie a \u00e9t\u00e9 marqu\u00e9e par une s\u00e9rie d'\u00e9v\u00e9nements importants qui se sont produits entre les ann\u00e9es 1950 et aujourd'hui. Chacun d'entre eux a laiss\u00e9 sa marque sur les domaines sociaux, politiques et culturels de la r\u00e9gion. Les mouvements sociopolitiques, les \u00e9v\u00e9nements culturels et les d\u00e9fis \u00e9conomiques, notamment les mouvements autonomistes, la Biennale de Venise et les r\u00e9cessions \u00e9conomiques, ont tous contribu\u00e9 \u00e0 l'\u00e9volution de la r\u00e9gion.<\/p>\n\n\n\n<p>Au XXIe si\u00e8cle, la V\u00e9n\u00e9tie a d\u00fb faire face \u00e0 de nouveaux d\u00e9fis, notamment des menaces environnementales telles que les inondations, la pand\u00e9mie de COVID-19 et des mouvements sociopolitiques en faveur de l'autonomie r\u00e9gionale. Malgr\u00e9 ces d\u00e9fis, la r\u00e9gion a toujours fait preuve d'une force et d'une capacit\u00e9 d'adaptation remarquables.&nbsp;<\/p>\n\n\n\n<p>Son histoire et sa culture sont, et seront probablement toujours, une source d'inspiration qui guide la r\u00e9gion vers un avenir plus durable et meilleur.<\/p>\n\r\n\t\t\t<div id=\"daexthefu-container\"\r\n\t\t\t\tclass=\"daexthefu-container daexthefu-layout-side-by-side daexthefu-alignment-center\"\r\n\t\t\t\tdata-post-id=\"22364\">\r\n\r\n\t\t\t\t<div class=\"daexthefu-feedback\">\r\n\t\t\t\t\t<div class=\"daexthefu-text\">\r\n\t\t\t\t\t\t<h3 class=\"daexthefu-title\">Cela a-t-il \u00e9t\u00e9 utile ?<\/h3>\r\n\t\t\t\t\t<\/div>\r\n\t\t\t\t\t<div class=\"daexthefu-buttons-container\">\r\n\t\t\t\t\t\t<div class=\"daexthefu-buttons\">\r\n\t\t\t\t\t\t\t\r\n\t\t\t<div class=\"daexthefu-yes daexthefu-button daexthefu-button-type-text\" data-value=\"1\">\r\n\t\t\t\t<div class=\"daexthefu-button-text\">\u2705 Oui<\/div>\r\n\t\t\t<\/div>\r\n\r\n\t\t\t\t\t\t\t\t\t\t\r\n\t\t\t<div class=\"daexthefu-no daexthefu-button daexthefu-button-type-text\" data-value=\"0\">\r\n\t\t\t\t<div class=\"daexthefu-button-text\">\u274c Non<\/div>\r\n\t\t\t<\/div>\r\n\r\n\t\t\t\t\t\t\t\t\t<\/div>\r\n\t\t\t\t\t<\/div>\r\n\t\t\t\t<\/div>\r\n\r\n\t\t\t\t<div class=\"daexthefu-comment\">\r\n\t\t\t\t\t<div class=\"daexthefu-comment-top-container\">\r\n\t\t\t\t\t\t<label id=\"daexthefu-comment-label\" class=\"daexthefu-comment-label\"><\/label>\r\n\t\t\t\t\t\t\t\t\t\t\t\t\t<div class=\"daexthefu-comment-character-counter-container\">\r\n\t\t\t\t\t\t\t\t<div id=\"daexthefu-comment-character-counter-number\"\r\n\t\t\t\t\t\t\t\t\tclass=\"daexthefu-comment-character-counter-number\"><\/div>\r\n\t\t\t\t\t\t\t\t<div class=\"daexthefu-comment-character-counter-text\"><\/div>\r\n\t\t\t\t\t\t\t<\/div>\r\n\t\t\t\t\t\t\t\t\t\t\t<\/div>\r\n\t\t\t\t\t<textarea id=\"daexthefu-comment-textarea\" class=\"daexthefu-comment-textarea\"\r\n\t\t\t\t\t\t\t\tplaceholder=\"Tapez votre message\"\r\n\t\t\t\t\t\t\t\tmaxlength=\"\t\t\t\t\t\t\t\t400\t\t\t\t\t\t\t\t\t\"><\/textarea>\r\n\t\t\t\t\t<div class=\"daexthefu-comment-buttons-container\">\r\n\t\t\t\t\t\t<button class=\"daexthefu-comment-submit daexthefu-button\">Soumettre<\/button>\r\n\t\t\t\t\t\t<button class=\"daexthefu-comment-cancel daexthefu-button\">Annuler<\/button>\r\n\t\t\t\t\t<\/div>\r\n\t\t\t\t<\/div>\r\n\r\n\t\t\t\t<div class=\"daexthefu-successful-submission-text\">Merci pour vos commentaires !<\/div>\r\n\r\n\t\t\t<\/div>","protected":false},"excerpt":{"rendered":"<p>La p\u00e9riode qui a suivi la Seconde Guerre mondiale a marqu\u00e9 une \u00e8re de transformation pour l'Italie, connue sous le nom de \"miracle \u00e9conomique italien\". Comme de nombreux...<\/p>","protected":false},"author":3,"featured_media":22365,"comment_status":"closed","ping_status":"open","sticky":false,"template":"single-fullwidth.php","format":"standard","meta":{"_acf_changed":false,"_helpful_status":1,"sync_status":"","episode_type":"","audio_file":"","podmotor_file_id":"","podmotor_episode_id":"","castos_file_data":"","cover_image":"","cover_image_id":"","duration":"","filesize":"","filesize_raw":"","date_recorded":"","explicit":"","block":"","itunes_episode_number":"","itunes_title":"","itunes_season_number":"","itunes_episode_type":"","footnotes":""},"categories":[32,1323],"tags":[],"class_list":{"0":"post-22364","1":"post","2":"type-post","3":"status-publish","4":"format-standard","5":"has-post-thumbnail","7":"category-culture","8":"category-how-italy-works"},"acf":[],"menu_order":0,"_links":{"self":[{"href":"https:\/\/magictowns.it\/fr\/wp-json\/wp\/v2\/posts\/22364","targetHints":{"allow":["GET"]}}],"collection":[{"href":"https:\/\/magictowns.it\/fr\/wp-json\/wp\/v2\/posts"}],"about":[{"href":"https:\/\/magictowns.it\/fr\/wp-json\/wp\/v2\/types\/post"}],"author":[{"embeddable":true,"href":"https:\/\/magictowns.it\/fr\/wp-json\/wp\/v2\/users\/3"}],"replies":[{"embeddable":true,"href":"https:\/\/magictowns.it\/fr\/wp-json\/wp\/v2\/comments?post=22364"}],"version-history":[{"count":1,"href":"https:\/\/magictowns.it\/fr\/wp-json\/wp\/v2\/posts\/22364\/revisions"}],"predecessor-version":[{"id":46755,"href":"https:\/\/magictowns.it\/fr\/wp-json\/wp\/v2\/posts\/22364\/revisions\/46755"}],"wp:featuredmedia":[{"embeddable":true,"href":"https:\/\/magictowns.it\/fr\/wp-json\/wp\/v2\/media\/22365"}],"wp:attachment":[{"href":"https:\/\/magictowns.it\/fr\/wp-json\/wp\/v2\/media?parent=22364"}],"wp:term":[{"taxonomy":"category","embeddable":true,"href":"https:\/\/magictowns.it\/fr\/wp-json\/wp\/v2\/categories?post=22364"},{"taxonomy":"post_tag","embeddable":true,"href":"https:\/\/magictowns.it\/fr\/wp-json\/wp\/v2\/tags?post=22364"}],"curies":[{"name":"wp","href":"https:\/\/api.w.org\/{rel}","templated":true}]}}