{"id":39094,"date":"2025-09-05T09:29:11","date_gmt":"2025-09-05T07:29:11","guid":{"rendered":"https:\/\/magictowns.it\/?p=39094"},"modified":"2026-03-05T11:35:41","modified_gmt":"2026-03-05T10:35:41","slug":"armani-life-orte-in-italien","status":"publish","type":"post","link":"https:\/\/magictowns.it\/de\/armani-life-places-in-italy\/","title":{"rendered":"Ciao, Giorgio! Armanis Leben erz\u00e4hlt durch seine italienischen Orte"},"content":{"rendered":"<p>Der K\u00f6nig der stillen Eleganz, Giorgio Armani, ist im Alter von 91 Jahren gestorben. Ihm zu Ehren machen wir eine kleine Reise durch Italien - nicht zu den Modeschauen oder den Jetset-Kreisen, sondern zu den echten Orten, die ihn gepr\u00e4gt haben. St\u00e4dte, in denen er aufgewachsen ist, in die er geflohen ist, in denen er gearbeitet oder die er im Stillen geliebt hat. Es ist eine Karte des Lebens eines Mannes, die mit Zur\u00fcckhaltung, Disziplin, gelegentlichem Herzschmerz - und einem tiefen Sinn f\u00fcr Sch\u00f6nheit - zusammengef\u00fcgt wurde.<\/p>\n\n\n\n<figure class=\"wp-block-image size-full\"><img decoding=async data-opt-id=1775097348  fetchpriority=\"high\" src=\"https:\/\/ml4ds5noqxtv.i.optimole.com\/w:auto\/h:auto\/q:mauto\/g:sm\/f:best\/https:\/\/magictowns.it\/wp-content\/uploads\/2025\/09\/giorgio-armani.jpg\" alt=\"\" class=\"wp-image-39095\" title=\"\"><figcaption class=\"wp-element-caption\"><em>Giorgio Armany im Jahr 2009, auf einem Foto von Bruno Cordioli (CC BY 2.0)<\/em><\/figcaption><\/figure>\n\n\n\n<h2 class=\"wp-block-heading\"><strong>Piacenza: Wurzeln von Schlichtheit und Stil<\/strong><\/h2>\n\n\n\n<p>Giorgio Armani wurde 1934 in der n\u00f6rdlichen Stadt <a href=\"https:\/\/magictowns.it\/de\/stadt\/piacenza-emilia-romagna-italien\/\" data-type=\"town\" data-id=\"29079\">Piacenza<\/a>ein \"piccolo grande villaggio\" (kleines, gro\u00dfes Dorf), wie er es liebevoll nannte. In diesen ruhigen Stra\u00dfen und der umliegenden Landschaft schlug Armanis Wertsch\u00e4tzung f\u00fcr unpr\u00e4tenti\u00f6se Sch\u00f6nheit Wurzeln. Der Zweite Weltkrieg ber\u00fchrte seine Kindheit hier - er verbrachte die N\u00e4chte im Keller, w\u00e4hrend die Bomben fielen - aber er fand auch in der Not Momente unschuldiger Freude.<\/p>\n\n\n\n<figure class=\"wp-block-image size-large\"><img decoding=async data-opt-id=499272972  fetchpriority=\"high\" width=\"2560\" height=\"1714\" src=\"https:\/\/ml4ds5noqxtv.i.optimole.com\/w:auto\/h:auto\/q:mauto\/g:sm\/f:best\/https:\/\/magictowns.it\/wp-content\/uploads\/2025\/02\/Piacenza-in-Emilia-Romagna-Italy-scaled.jpg\" alt=\"Piacenza in der Emilia-Romagna Italien\" class=\"wp-image-29080\" title=\"\" srcset=\"https:\/\/ml4ds5noqxtv.i.optimole.com\/w:1920\/h:1285\/q:mauto\/g:sm\/f:best\/https:\/\/magictowns.it\/wp-content\/uploads\/2025\/02\/Piacenza-in-Emilia-Romagna-Italy.jpg 2560w, https:\/\/ml4ds5noqxtv.i.optimole.com\/w:300\/h:201\/q:mauto\/g:sm\/f:best\/https:\/\/magictowns.it\/wp-content\/uploads\/2025\/02\/Piacenza-in-Emilia-Romagna-Italy.jpg 300w, https:\/\/ml4ds5noqxtv.i.optimole.com\/w:1024\/h:685\/q:mauto\/g:sm\/f:best\/https:\/\/magictowns.it\/wp-content\/uploads\/2025\/02\/Piacenza-in-Emilia-Romagna-Italy.jpg 1024w, https:\/\/ml4ds5noqxtv.i.optimole.com\/w:768\/h:514\/q:mauto\/g:sm\/f:best\/https:\/\/magictowns.it\/wp-content\/uploads\/2025\/02\/Piacenza-in-Emilia-Romagna-Italy.jpg 768w, https:\/\/ml4ds5noqxtv.i.optimole.com\/w:1536\/h:1028\/q:mauto\/g:sm\/f:best\/https:\/\/magictowns.it\/wp-content\/uploads\/2025\/02\/Piacenza-in-Emilia-Romagna-Italy.jpg 1536w, https:\/\/ml4ds5noqxtv.i.optimole.com\/w:1920\/h:1285\/q:mauto\/g:sm\/f:best\/https:\/\/magictowns.it\/wp-content\/uploads\/2025\/02\/Piacenza-in-Emilia-Romagna-Italy.jpg 2048w, https:\/\/ml4ds5noqxtv.i.optimole.com\/w:18\/h:12\/q:mauto\/g:sm\/f:best\/https:\/\/magictowns.it\/wp-content\/uploads\/2025\/02\/Piacenza-in-Emilia-Romagna-Italy.jpg 18w, https:\/\/ml4ds5noqxtv.i.optimole.com\/w:595\/h:398\/q:mauto\/g:sm\/f:best\/https:\/\/magictowns.it\/wp-content\/uploads\/2025\/02\/Piacenza-in-Emilia-Romagna-Italy.jpg 595w, https:\/\/ml4ds5noqxtv.i.optimole.com\/w:1920\/h:1285\/q:mauto\/g:sm\/f:best\/dpr:2\/https:\/\/magictowns.it\/wp-content\/uploads\/2025\/02\/Piacenza-in-Emilia-Romagna-Italy.jpg 2x\" sizes=\"(max-width: 1170px) 100vw, 1170px\" \/><figcaption class=\"wp-element-caption\"><em><a class=\"wpil_keyword_link\" href=\"https:\/\/magictowns.it\/de\/stadt\/piacenza-emilia-romagna-italien\/\"   title=\"Piacenza\" data-wpil-keyword-link=\"linked\"  data-wpil-monitor-id=\"654\">Piacenza<\/a> in der Emilia-Romagna Italien<\/em><\/figcaption><\/figure>\n\n\n\n<p>Sp\u00e4ter erinnerte er sich daran, dass er in diesen Kellern\u00e4chten geheime Spiele spielte und sich vor den Luftangriffen am Tag f\u00fcrchtete, w\u00e4hrend sein \u00e4lterer Bruder Sergio in ihnen das Abenteuer sah. Die starken famili\u00e4ren Werte von Piacenza haben ihn nie verlassen: Sein Vater war ein bescheidener Transportbeamter und seine Mutter Maria zog ihn mit Disziplin und W\u00e4rme auf. Maria leitete sogar die \u00f6rtliche Sommerkolonie, die Stadtkinder an die Adria schickte; als der junge Giorgio und sein Bruder daran teilnahmen, \"steckte sie uns in den Gemeinschaftsschlafsaal mit allen anderen, und das zu Recht - keine Sonderbehandlung\", erz\u00e4hlte er <a href=\"https:\/\/www.corriere.it\/cronache\/24_ottobre_13\/giorgio-armani-intervista-64f67122-8ed8-4171-8075-b9c96bd3fxlk.shtml\" target=\"_blank\" rel=\"noopener\">Corriere della Sera<\/a>. <\/p>\n\n\n\n<p>Diese Grundeinstellung zu Fairness und Bescheidenheit sollte sp\u00e4ter seinen pers\u00f6nlichen Stil bestimmen. Armani verlie\u00df Piacenza als Teenager, aber er behielt die provinzielle Offenheit f\u00fcr immer bei - sogar seinen Akzent, diesen unverwechselbaren&nbsp;<em>Erre piacentina<\/em>blieb ihm erhalten. Jahrzehnte sp\u00e4ter scherzte er, dass seine Vorliebe f\u00fcr subtile, erdige T\u00f6ne von der Landschaft seiner Kindheit herr\u00fchrte - er liebte das ged\u00e4mpfte Graubraun, \"die Farbe des Schlamms der Trebbia\", mehr als jeden hellen Farbton. Die schlammigen Flussufer und bescheidenen Pl\u00e4tze von Piacenza,&nbsp;<em>Zu Giorgio<\/em>&nbsp;lernte zuerst, dass Eleganz in der Einfachheit liegt.<\/p>\n\n\n\n<h2 class=\"wp-block-heading\"><strong>Misano Adriatico: Sommer der ersten Liebe<\/strong><\/h2>\n\n\n\n<p>Als Junge verbrachte Armani die sonnigen Sommer in Misano Adriatico, an der K\u00fcste der Emilia-Romagna, nicht weit von <a href=\"https:\/\/magictowns.it\/de\/stadt\/rimini-emilia-romagna-italien\/\" data-type=\"town\" data-id=\"29228\">Rimini<\/a>. Misano war in den 1940er Jahren ein Paradies am Meer mit Sand, Wellen und jugendlicher Freiheit. Hier, in einem Sommercamp an der K\u00fcste, bl\u00fchte der sch\u00fcchterne Teenager inmitten von Strandspielen und ersten Schw\u00e4rmereien auf. Viele Jahre sp\u00e4ter enth\u00fcllte Armani eine lang geh\u00fctete Erinnerung an einen solchen Sommer:\u00a0<em>\"Es war unter einem Unterstand am Strand von Misano Mare, f\u00fcnf Uhr nachmittags w\u00e4hrend der Ruhezeit... Ich war unter den Jungen, und da war ein junger Betreuer, der sofort ein Gef\u00fchl der Liebe in mir weckte.<\/em>.<\/p>\n\n\n\n<figure class=\"wp-block-image size-full\"><img decoding=async data-opt-id=797596685  data-opt-src=\"https:\/\/ml4ds5noqxtv.i.optimole.com\/w:auto\/h:auto\/q:mauto\/g:sm\/f:best\/https:\/\/magictowns.it\/wp-content\/uploads\/2025\/09\/sea-at-Misano-Adriatico.jpg\"  src=\"data:image/svg+xml,%3Csvg%20viewBox%3D%220%200%20100%%20100%%22%20width%3D%22100%%22%20height%3D%22100%%22%20xmlns%3D%22http%3A%2F%2Fwww.w3.org%2F2000%2Fsvg%22%3E%3Crect%20width%3D%22100%%22%20height%3D%22100%%22%20fill%3D%22transparent%22%2F%3E%3C%2Fsvg%3E\" alt=\"\" class=\"wp-image-39096\" title=\"\"><figcaption class=\"wp-element-caption\"><em>Das Meer bei <a class=\"wpil_keyword_link\" href=\"https:\/\/magictowns.it\/de\/stadt\/misano-adriatico-emilia-romagna-italien\/\" title=\"Misano Adriatico\" data-wpil-keyword-link=\"linked\" data-wpil-monitor-id=\"656\">Misano Adriatico<\/a><\/em><\/figcaption><\/figure>\n\n\n\n<p>Diese unschuldige Verliebtheit unter der adriatischen Sonne war ein Wendepunkt. Das Erlebnis blieb jahrzehntelang geheim und verdeutlicht Armanis lebenslange Diskretion in pers\u00f6nlichen Angelegenheiten. Misano war auch der Ort, an dem er eine erste, eher konventionelle Jugendliebe (eine Jugendliebe namens Wanda) und die einfachen Freuden des <em>ragazzi<\/em> im Sommer - Fahrradtouren, Schwimmen, Lachen unter den Strandh\u00fctten. <\/p>\n\n\n\n<h2 class=\"wp-block-heading\"><strong>Mailand: Die Entstehung eines Maestros<\/strong><\/h2>\n\n\n\n<p>Wenn Piacenza Armani Demut gegeben hat, dann hat Misano ihm Herz gegeben, <a href=\"https:\/\/magictowns.it\/de\/stadt\/mailand-lombardei-italien\/\" data-type=\"town\" data-id=\"28750\">Milan<\/a> hat ihn befl\u00fcgelt. Mit gerade einmal 15 Jahren zog er 1949 nach Mailand, ein Kind aus der Provinz, das dem Trubel der Gro\u00dfstadt mit gro\u00dfen Augen begegnete. Das Mailand der Nachkriegszeit war d\u00fcster und pulsierend - und anfangs auch einsch\u00fcchternd. Der junge Giorgio schrieb sich f\u00fcr ein Medizinstudium ein, aber die Anatomievorlesungen und die Krankenhauss\u00e4le d\u00e4mpften seinen Geist. Nach dem Milit\u00e4rdienst verschaffte ihm das Schicksal (und der Tipp eines Freundes) einen Job in La Rinascente, dem gro\u00dfen Mail\u00e4nder Kaufhaus. Dort begann Armani in den 1950er Jahren als Schaufensterdekorateur und Merchandiser - eine unglamour\u00f6se Ausbildung, die sich als entscheidend erwies.<\/p>\n\n\n\n<figure class=\"wp-block-image size-large\"><img decoding=async data-opt-id=539712152  data-opt-src=\"https:\/\/ml4ds5noqxtv.i.optimole.com\/w:auto\/h:auto\/q:mauto\/g:sm\/f:best\/https:\/\/magictowns.it\/wp-content\/uploads\/2025\/02\/Milano-in-Lombardia-Italy.jpeg\"  src=\"data:image/svg+xml,%3Csvg%20viewBox%3D%220%200%20100%%20100%%22%20width%3D%22100%%22%20height%3D%22100%%22%20xmlns%3D%22http%3A%2F%2Fwww.w3.org%2F2000%2Fsvg%22%3E%3Crect%20width%3D%22100%%22%20height%3D%22100%%22%20fill%3D%22transparent%22%2F%3E%3C%2Fsvg%3E\" alt=\"Mailand in der Lombardei Italien\" class=\"wp-image-28751\" title=\"\"><figcaption class=\"wp-element-caption\"><em>Mailand hat das Leben von Giorgio Armani massiv beeinflusst<\/em><\/figcaption><\/figure>\n\n\n\n<p>Er verinnerlichte, was die eleganten Mail\u00e4nderinnen wollten, wie ein perfekt drapiertes Kleid in einem Schaufenster die Blicke auf sich ziehen konnte.&nbsp;<strong>Er hat diese Lektionen nie vergessen<\/strong>:&nbsp;<em>\"Diese fr\u00fche Ausbildung im Bereich Anzeige und Schnitt hat mich mein ganzes Leben lang begleitet.<\/em>, sagte er sp\u00e4ter. Mailand weckte sein kreatives Selbstvertrauen. 1965 wurde der Designer Nino Cerruti auf ihn aufmerksam und beauftragte ihn mit der Modernisierung der Herrenmode. Dazu gibt es eine charmante Anekdote: Cerruti testete den Neuank\u00f6mmling, indem er ihm Stoffmuster mit kr\u00e4ftigen Farben zeigte. Armani bevorzugte die subtilen Stoffe und erkl\u00e4rte seinem Chef, dass er schlammige Taupet\u00f6ne und Graut\u00f6ne bevorzuge, die Farben seiner Kindheit am Flussufer von Piacenza. Diese ged\u00e4mpften T\u00f6ne wurden zu einem Markenzeichen der&nbsp;<em>Armani-Look<\/em>. <\/p>\n\n\n\n<p>In einem kleinen B\u00fcro auf dem Corso Venezia gr\u00fcndeten er und sein Partner Sergio Galeotti 1975 das Label Giorgio Armani. Das Mailand der 1970er Jahre war bereit: Die schlichte, pragmatische Eleganz der Stadt entsprach der von Armani. Seine unstrukturierten Jacken und klaren Linien definierten die aufkommende Power-Dressing-\u00c4ra und kanalisierten gleichzeitig die Mail\u00e4nder Eigenst\u00e4ndigkeit.&nbsp;<em>sprezzatura<\/em>. Armani machte Mailand&nbsp;<strong>die<\/strong>&nbsp;In den 1980er Jahren wurde er zusammen mit Versace und Ferr\u00e9 zur Modehauptstadt. Doch trotz seines weltweiten Ruhms blieb er in vielerlei Hinsicht der zur\u00fcckhaltende Junge aus Piacenza - diszipliniert, h\u00f6flich, ein bisschen wie ein Stubenhocker. <\/p>\n\n\n\n<p>Armani hatte seinen Wohnsitz und sein Hauptquartier im Mail\u00e4nder Stadtteil Brera, nur wenige Schritte von der Er\u00f6ffnung seiner ersten Boutique entfernt. Seine Kollegen sahen ihn oft jeden Morgen seine Runden schwimmen und bis sp\u00e4t in die Nacht unter den Steinb\u00f6gen der&nbsp;<em>Palazzo Orsini<\/em>dem Hauptsitz seines Unternehmens. Mailand war nicht nur der Ort, an dem Giorgio Armani ein Imperium aufbaute, sondern auch der Ort, an dem er durch harte Arbeit, tadellosen Geschmack und die Treue zu sich selbst zum \"Re Giorgio\", dem K\u00f6nig der italienischen Mode, wurde.<\/p>\n\n\n\n<h2 class=\"wp-block-heading\"><strong>Rom: Verliebt in die Silberleinwand<\/strong><\/h2>\n\n\n\n<p>Die Beziehung zwischen Armani und <a href=\"https:\/\/magictowns.it\/de\/stadt\/roma-lazio-italien\/\" data-type=\"town\" data-id=\"29575\">Rom<\/a> ging es weniger um den Wohnort als vielmehr um <em>la grande bellezza<\/em> - die gro\u00dfe Sch\u00f6nheit des Kinos. Als Kind in Piacenza hatte er mit seiner Familie heilige Nachmittage im Kino verbracht, die Augen auf die glamour\u00f6se Welt Hollywoods gerichtet. Er verliebte sich in das Kino, lange bevor er \u00fcberhaupt ein Kleidungsst\u00fcck entwarf. Sp\u00e4ter schwelgte er in Erinnerungen an die italienischen Klassiker des Neorealismus - Vittorio De Sicas\u00a0<em>Fahrraddiebe<\/em>Rossellini's\u00a0<em>Rom, Offene Stadt<\/em>\u00a0- Sie seien \"Filme voller dramatischer und \u00e4sthetischer Nuancen, immer durchdrungen von einem Sinn f\u00fcr Strenge und W\u00fcrde, der f\u00fcr mich den wahren Geist jener schwierigen Jahre ausdr\u00fcckt\". Dieser Sinn f\u00fcr filmische Dramatik fand seinen Weg in sein Werk.<\/p>\n\n\n\n<p>In seinen 20ern unternahm Armani eine Art Pilgerfahrt zu den Cinecitt\u00e0-Studios in Rom. Er schlenderte mit gro\u00dfen Augen durch die sagenumwobenen Kulissen, \"voller Staunen... die Traumfabrik\", wie er sagte - und tr\u00e4umte sogar einen Moment lang davon, Schauspieler oder Regisseur zu werden. Auch wenn die Mode ihn schlie\u00dflich einholte, wurde der Film zu einem seiner wichtigsten Medien. Armani schloss tiefe Freundschaften mit Regisseuren und Filmstars; die Filmpremieren in der Ewigen Stadt dienten oft auch als inoffizielle Armani-Laufstege. <\/p>\n\n\n\n<figure class=\"wp-block-image size-full\"><img decoding=async data-opt-id=879107393  data-opt-src=\"https:\/\/ml4ds5noqxtv.i.optimole.com\/w:auto\/h:auto\/q:mauto\/g:sm\/f:best\/https:\/\/magictowns.it\/wp-content\/uploads\/2025\/09\/entrance_to_cinecitta.jpg\"  src=\"data:image/svg+xml,%3Csvg%20viewBox%3D%220%200%20100%%20100%%22%20width%3D%22100%%22%20height%3D%22100%%22%20xmlns%3D%22http%3A%2F%2Fwww.w3.org%2F2000%2Fsvg%22%3E%3Crect%20width%3D%22100%%22%20height%3D%22100%%22%20fill%3D%22transparent%22%2F%3E%3C%2Fsvg%3E\" alt=\"\" class=\"wp-image-39098\" title=\"\"><figcaption class=\"wp-element-caption\"><em>Der Eingang zu Cinecitt\u00e0 auf einem Foto von ihortal.es<\/em><\/figcaption><\/figure>\n\n\n\n<p>Am ber\u00fchmtesten war vielleicht ein Hollywood-Film, der ihn zu internationalem Ruhm katapultierte: der 1980er&nbsp;<em>Amerikanischer Gigolo<\/em>. Giorgio kleidete Richard Gere pers\u00f6nlich in eine inzwischen ikonische Armani-Garderobe ein - leicht drapierte Jacken, Hemden, die nur so aufgekn\u00f6pft wurden - und pl\u00f6tzlich wollte die ganze Welt diesen eleganten Look, der an Roman Holiday und Beverly Hills erinnert. Von da an war Armani ein fester Bestandteil des Kost\u00fcmdesigns und wirkte an Filmen von&nbsp;<strong>Die Unbestechlichen<\/strong>&nbsp;zu&nbsp;<strong>Gattaca<\/strong>und stylte ein Who's Who der Schauspieler abseits der Leinwand. In den S\u00e4len der Cinecitt\u00e0 in Rom wurde er wie ein Cineast behandelt. <\/p>\n\n\n\n<p>Doch eine der sch\u00f6nsten Geschichten, die Armani mit Rom verbindet, ereignete sich erst sp\u00e4t in seinem Leben: mit 90 Jahren, <a href=\"https:\/\/graziamagazine.com\/articles\/giorgio-armani-on-his-love-of-cinema\/\" target=\"_blank\" rel=\"noopener\">in einem Interview mit Grazia<\/a>Er verglich sich selbst mit einem Orchesterdirigenten, der immer neue Variationen bekannter Themen erforscht - vielleicht eine Anspielung darauf, dass er Mode und Film als parallele K\u00fcnste betrachtete. Auf den roten Teppichen Roms glitten Gina Lollobrigida und Sophia Loren in seinen Kleidern; in Cinecitt\u00e0 saugte er die Magie auf, die seine Fantasie befl\u00fcgelte. Giorgio Armani mag durch Adoption ein Mail\u00e4nder gewesen sein, aber im Herzen war er ein R\u00f6mer, der die gro\u00dfen Geschichten und die Eleganz des Kinos liebte.<\/p>\n\n\n\n<h2 class=\"wp-block-heading\"><strong>Venedig: Eleganz auf der B\u00fchne der Welt<\/strong><\/h2>\n\n\n\n<p>Es ist schwer, sich vorzustellen <a href=\"https:\/\/magictowns.it\/de\/stadt\/venezia-veneto-italien\/\" data-type=\"town\" data-id=\"23823\">Venedig<\/a> - opulentes, romantisches, schimmerndes Venedig - ohne sich Armanis elegante Pr\u00e4senz dort vorzustellen. Er war ein Stammgast im <a class=\"wpil_keyword_link\" href=\"https:\/\/magictowns.it\/de\/stadt\/venezia-veneto-italien\/\" title=\"Venedig\" data-wpil-keyword-link=\"linked\" data-wpil-monitor-id=\"655\">Venedig<\/a> Filmfestival, wo jedes Jahr Stars in seinen Kreationen die roten Teppiche des Lido zieren. Armani hatte eine besondere Vorliebe f\u00fcr starke, anmutige Schauspielerinnen, und sie f\u00fcr ihn. Cate Blanchett zum Beispiel hat Armani f\u00fcr unz\u00e4hlige Premieren gew\u00e4hlt. Er bewunderte sie und seine Oscar-Preistr\u00e4gerin Nicole Kidman als Verk\u00f6rperung seiner Ideale und sagte, dass ihr \"extremer Charme und ihre Pers\u00f6nlichkeit\" den Geist seiner Marke perfekt widerspiegeln.<\/p>\n\n\n\n<figure class=\"wp-block-image size-full\"><img decoding=async data-opt-id=364301966  data-opt-src=\"https:\/\/ml4ds5noqxtv.i.optimole.com\/w:auto\/h:auto\/q:mauto\/g:sm\/f:best\/https:\/\/magictowns.it\/wp-content\/uploads\/2025\/09\/Palazzo_del_Cinema_Venezia_2021_1.jpg\"  src=\"data:image/svg+xml,%3Csvg%20viewBox%3D%220%200%20100%%20100%%22%20width%3D%22100%%22%20height%3D%22100%%22%20xmlns%3D%22http%3A%2F%2Fwww.w3.org%2F2000%2Fsvg%22%3E%3Crect%20width%3D%22100%%22%20height%3D%22100%%22%20fill%3D%22transparent%22%2F%3E%3C%2Fsvg%3E\" alt=\"\" class=\"wp-image-39099\" title=\"\"><figcaption class=\"wp-element-caption\"><em>Der Palazzo del Cinema in Venedig<\/em><\/figcaption><\/figure>\n\n\n\n<p>Venedig sch\u00e4tzte diese Art von zeitlosem Stil. Im Gegenzug nutzte Armani die Stadt oft als Kulisse f\u00fcr gro\u00dfe Momente. Im Jahr 1990 veranstaltete er eine legend\u00e4re Modenschau im Teatro Fenice, und im Laufe der Jahre sponserte er Kunstausstellungen und Gala-Dinner in venezianischen Palazzi. Selbst als Trends kamen und gingen, blieb er der Meister des unaufdringlichen Glamours - eine Eigenschaft, die sehr gut zu Venedigs eigener verblasster Pracht und Unverw\u00fcstlichkeit passt. In seinem letzten Akt der Verbundenheit mit der Stadt w\u00e4hlte Giorgio Armani Venedig, um eines seiner pers\u00f6nlichsten Projekte zu enth\u00fcllen. <\/p>\n\n\n\n<p>Wenige Tage vor seinem Tod im Jahr 2025 ver\u00f6ffentlichte er&nbsp;<strong>Armani\/Archivio<\/strong>ein digitales Archivmuseum f\u00fcr 50 Jahre seiner Arbeit. Es war ein ergreifender Moment, in dem sich der Kreis schloss: Der Junge, der einst die Filmstars bewunderte, beendete seine Reise, indem er sein Erbe inmitten eines Festivals f\u00fcr Kunst und Kino bewahrte. Am Er\u00f6ffnungsabend des Festivals, als die Lichter des Palazzo del Cinema von der Adria reflektiert wurden, bemerkten viele den leeren Stuhl, auf dem normalerweise Giorgio Armani sa\u00df.<\/p>\n\n\n\n<h2 class=\"wp-block-heading\"><strong>Pantelleria: Einsamkeit, Feuer und Besinnung<\/strong><\/h2>\n\n\n\n<p>Im krassen Gegensatz zum gesellschaftlichen Treiben in Venedig fand Giorgio Armani auf der abgelegenen Insel Pantelleria Zuflucht. \u00dcber vierzig Jahre lang war Pantelleria - ein winziger vulkanischer Punkt zwischen Sizilien und Tunesien - sein privater Zufluchtsort. Hier war Armani nicht der Imperator der Mode oder Gastgeber von Promi-Galas; er war einfach Giorgio, ein zufriedener Inselbewohner, der sich in Leinenhemden und Sandalen um seine G\u00e4rten k\u00fcmmerte. <\/p>\n\n\n\n<p>Er entdeckte Pantelleria in den fr\u00fchen 1980er Jahren und kaufte bezeichnenderweise eine Ansammlung von verfallenen alten&nbsp;<strong>dammusi<\/strong>&nbsp;(traditionelle Steinh\u00e4user), um sie in seinem eigenen Stil zu renovieren. Das Ergebnis war ein traumhafter R\u00fcckzugsort in Cala Gadir: sieben niedrige, wei\u00dfe Dammusi inmitten von 200 Palmen, Zitrusplantagen und einem Weinberg, auf dem er einen s\u00fc\u00dfen Passito-Wein namens \"Oasi\" herstellte. Er beschrieb, wie er in den klaren Nachthimmel von Pantelleria blickte und \"eine reine Stille\" sp\u00fcrte, die seine Seele auflud.<\/p>\n\n\n\n<figure class=\"wp-block-image size-full\"><img decoding=async data-opt-id=115066034  data-opt-src=\"https:\/\/ml4ds5noqxtv.i.optimole.com\/w:auto\/h:auto\/q:mauto\/g:sm\/f:best\/https:\/\/magictowns.it\/wp-content\/uploads\/2025\/09\/bay-of-gadir-in-pantelleria.jpg\"  src=\"data:image/svg+xml,%3Csvg%20viewBox%3D%220%200%20100%%20100%%22%20width%3D%22100%%22%20height%3D%22100%%22%20xmlns%3D%22http%3A%2F%2Fwww.w3.org%2F2000%2Fsvg%22%3E%3Crect%20width%3D%22100%%22%20height%3D%22100%%22%20fill%3D%22transparent%22%2F%3E%3C%2Fsvg%3E\" alt=\"\" class=\"wp-image-39100\" title=\"\"><figcaption class=\"wp-element-caption\"><em>Ein Blick auf die Bucht von Gadir in Pantelleria, wo sich das Sommerhaus von Armani befindet<\/em><\/figcaption><\/figure>\n\n\n\n<p>Pantelleria brachte auch Armanis abenteuerliche, bodenst\u00e4ndige Seite zum Vorschein. Einheimische sahen ihn mit seinem Jeep \u00fcber staubige Stra\u00dfen fahren oder am Hafen mit Fischern um den Tagesfang feilschen.&nbsp;<em>\"Ich komme seit Jahrzehnten auf diese Insel, ich f\u00fchle mich als B\u00fcrger der Insel\".<\/em>&nbsp;schrieb er im Jahr 2022 an den B\u00fcrgermeister von Pantelleria und lobte die \"einzigartige, lebendige menschliche Qualit\u00e4t\" der Menschen. <\/p>\n\n\n\n<p>In diesem Jahr wurde seine Liebe zu Pantelleria auf die Probe gestellt: Im August 2022 brach ein gewaltiger Waldbrand aus, der H\u00e4user auf der ganzen Insel bedrohte. Armani war in dieser Nacht in seiner Villa und war einer der ersten, der den roten Schein der Flammen in der Ferne sah. Er schlug Alarm und half, Nachbarn und Freunde zu evakuieren. In dem Chaos fl\u00fcchteten er und seine G\u00e4ste mit dem Auto zum Hafen und auf sein Boot, um sich in Sicherheit zu bringen. Eine Zeit lang konnte niemand Giorgio finden - bis er wieder auftauchte, ru\u00dfverschmiert, aber ruhig. Erst sp\u00e4ter gab er zu, dass er zur Villa zur\u00fcckgeeilt war, um etwas zu holen: kein Bargeld oder Juwelen, sondern einen wertvollen Diamantring, den ihm sein langj\u00e4hriger Freund Leo Dell'Orco geschenkt hatte.&nbsp;<em>\"Hier ist es,\"<\/em>&nbsp;<a href=\"https:\/\/www.corriere.it\/cronache\/24_ottobre_13\/giorgio-armani-intervista-64f67122-8ed8-4171-8075-b9c96bd3fxlk.shtml\" target=\"_blank\" rel=\"noopener\">sagte er hinterher<\/a>und zeigt den Ring an seinem Finger.&nbsp;<em>\"Leo gab es mir, und ich musste es retten.\"<\/em>. <\/p>\n\n\n\n<p>Es war eine klassische Geste von Armani, der Loyalit\u00e4t und Liebe \u00fcber Gegenst\u00e4nde stellt, selbst in einer Krise. Gl\u00fccklicherweise retteten die Feuerwehrleute seinen Dammusi und die Weinberge der Insel, und Armani spendete sofort gro\u00dfz\u00fcgig f\u00fcr den Wiederaufbau von Pantelleria. In den Monaten danach verbrachte er mehr Zeit als je zuvor auf der Insel und genoss ihre heilende Ruhe. Nachbarn berichten, dass er morgens in den t\u00fcrkisfarbenen Buchten schwamm und gerne einfache Abendessen mit Spaghetti alle vongole unter dem Sternenhimmel veranstaltete. <\/p>\n\n\n\n<p>Pantelleria war der Ort, an dem Giorgio Armani die Erwartungen der Welt absch\u00fctteln konnte und einfach nur&nbsp;<em>sein<\/em>. Es war auch der Ort, an dem er einige seiner letzten Sommertage verbrachte. In diesem zerkl\u00fcfteten Paradies, inmitten von Stille und Meeresbrise, war der legend\u00e4re Designer einfach ein Mann des Friedens - nachdenklich, privat und umgeben von der nat\u00fcrlichen Sch\u00f6nheit, die er sch\u00e4tzte.<\/p>\n\n\n\n<hr class=\"wp-block-separator has-alpha-channel-opacity\"\/>\n\n\n\n<p>An jedem dieser Orte -&nbsp;<strong>Piacenza, Misano Adriatico, Mailand, Rom, Venedig,<\/strong>&nbsp;und&nbsp;<strong>Pantelleria<\/strong>&nbsp;- Giorgio Armani hat einen ebenso unausl\u00f6schlichen Eindruck hinterlassen wie sie ihn gepr\u00e4gt haben. Seine Reise liest sich wie eine geografische Autobiografie: eine Konstellation italienischer Orte und St\u00e4dte, die zusammen das Gewebe seines Lebens bildeten. Von einer Kindheit auf der Jagd nach Gl\u00fchw\u00fcrmchen am Po bis zum Weltruhm im Scheinwerferlicht Mailands; von der jungen Liebe an einem Adria-Strand bis zu stehenden Ovationen in Venedig; von filmischen Tr\u00e4umen in Rom bis zu kontemplativen Sonnenunterg\u00e4ngen auf einer winzigen Insel - Giorgio Armanis Geschichte wurde in die Landkarte Italiens eingewoben. <\/p>\n\r\n\t\t\t<div id=\"daexthefu-container\"\r\n\t\t\t\tclass=\"daexthefu-container daexthefu-layout-side-by-side daexthefu-alignment-center\"\r\n\t\t\t\tdata-post-id=\"39094\">\r\n\r\n\t\t\t\t<div class=\"daexthefu-feedback\">\r\n\t\t\t\t\t<div class=\"daexthefu-text\">\r\n\t\t\t\t\t\t<h3 class=\"daexthefu-title\">War dies hilfreich?<\/h3>\r\n\t\t\t\t\t<\/div>\r\n\t\t\t\t\t<div class=\"daexthefu-buttons-container\">\r\n\t\t\t\t\t\t<div class=\"daexthefu-buttons\">\r\n\t\t\t\t\t\t\t\r\n\t\t\t<div class=\"daexthefu-yes daexthefu-button daexthefu-button-type-text\" data-value=\"1\">\r\n\t\t\t\t<div class=\"daexthefu-button-text\">\u2705 Ja<\/div>\r\n\t\t\t<\/div>\r\n\r\n\t\t\t\t\t\t\t\t\t\t\r\n\t\t\t<div class=\"daexthefu-no daexthefu-button daexthefu-button-type-text\" data-value=\"0\">\r\n\t\t\t\t<div class=\"daexthefu-button-text\">\u274c Nein<\/div>\r\n\t\t\t<\/div>\r\n\r\n\t\t\t\t\t\t\t\t\t<\/div>\r\n\t\t\t\t\t<\/div>\r\n\t\t\t\t<\/div>\r\n\r\n\t\t\t\t<div class=\"daexthefu-comment\">\r\n\t\t\t\t\t<div class=\"daexthefu-comment-top-container\">\r\n\t\t\t\t\t\t<label id=\"daexthefu-comment-label\" class=\"daexthefu-comment-label\"><\/label>\r\n\t\t\t\t\t\t\t\t\t\t\t\t\t<div class=\"daexthefu-comment-character-counter-container\">\r\n\t\t\t\t\t\t\t\t<div id=\"daexthefu-comment-character-counter-number\"\r\n\t\t\t\t\t\t\t\t\tclass=\"daexthefu-comment-character-counter-number\"><\/div>\r\n\t\t\t\t\t\t\t\t<div class=\"daexthefu-comment-character-counter-text\"><\/div>\r\n\t\t\t\t\t\t\t<\/div>\r\n\t\t\t\t\t\t\t\t\t\t\t<\/div>\r\n\t\t\t\t\t<textarea id=\"daexthefu-comment-textarea\" class=\"daexthefu-comment-textarea\"\r\n\t\t\t\t\t\t\t\tplaceholder=\"Geben Sie Ihre Nachricht ein\"\r\n\t\t\t\t\t\t\t\tmaxlength=\"\t\t\t\t\t\t\t\t400\t\t\t\t\t\t\t\t\t\"><\/textarea>\r\n\t\t\t\t\t<div class=\"daexthefu-comment-buttons-container\">\r\n\t\t\t\t\t\t<button class=\"daexthefu-comment-submit daexthefu-button\">Einreichen<\/button>\r\n\t\t\t\t\t\t<button class=\"daexthefu-comment-cancel daexthefu-button\">Abbrechen<\/button>\r\n\t\t\t\t\t<\/div>\r\n\t\t\t\t<\/div>\r\n\r\n\t\t\t\t<div class=\"daexthefu-successful-submission-text\">Vielen Dank f\u00fcr Ihr Feedback!<\/div>\r\n\r\n\t\t\t<\/div>","protected":false},"excerpt":{"rendered":"<p>Giorgio Armani, der Inbegriff der stillen Eleganz, ist im Alter von 91 Jahren verstorben. Eine Reise durch die italienischen St\u00e4dte, die sein Leben gepr\u00e4gt haben, von Piacenza bis Mailand.<\/p>","protected":false},"author":6,"featured_media":39095,"comment_status":"closed","ping_status":"open","sticky":false,"template":"single-fullwidth.php","format":"standard","meta":{"_acf_changed":false,"_helpful_status":1,"sync_status":"","episode_type":"","audio_file":"","podmotor_file_id":"","podmotor_episode_id":"","castos_file_data":"","cover_image":"","cover_image_id":"","duration":"","filesize":"","filesize_raw":"","date_recorded":"","explicit":"","block":"","itunes_episode_number":"","itunes_title":"","itunes_season_number":"","itunes_episode_type":"","footnotes":""},"categories":[32,1323],"tags":[1307,1308,1310,1309,1311,1312],"class_list":{"0":"post-39094","1":"post","2":"type-post","3":"status-publish","4":"format-standard","5":"has-post-thumbnail","7":"category-culture","8":"category-how-italy-works","9":"tag-giorgio-armani","10":"tag-milan","11":"tag-pantelleria","12":"tag-piacenza","13":"tag-rimini","14":"tag-venice"},"acf":[],"menu_order":0,"_links":{"self":[{"href":"https:\/\/magictowns.it\/de\/wp-json\/wp\/v2\/posts\/39094","targetHints":{"allow":["GET"]}}],"collection":[{"href":"https:\/\/magictowns.it\/de\/wp-json\/wp\/v2\/posts"}],"about":[{"href":"https:\/\/magictowns.it\/de\/wp-json\/wp\/v2\/types\/post"}],"author":[{"embeddable":true,"href":"https:\/\/magictowns.it\/de\/wp-json\/wp\/v2\/users\/6"}],"replies":[{"embeddable":true,"href":"https:\/\/magictowns.it\/de\/wp-json\/wp\/v2\/comments?post=39094"}],"version-history":[{"count":4,"href":"https:\/\/magictowns.it\/de\/wp-json\/wp\/v2\/posts\/39094\/revisions"}],"predecessor-version":[{"id":39450,"href":"https:\/\/magictowns.it\/de\/wp-json\/wp\/v2\/posts\/39094\/revisions\/39450"}],"wp:featuredmedia":[{"embeddable":true,"href":"https:\/\/magictowns.it\/de\/wp-json\/wp\/v2\/media\/39095"}],"wp:attachment":[{"href":"https:\/\/magictowns.it\/de\/wp-json\/wp\/v2\/media?parent=39094"}],"wp:term":[{"taxonomy":"category","embeddable":true,"href":"https:\/\/magictowns.it\/de\/wp-json\/wp\/v2\/categories?post=39094"},{"taxonomy":"post_tag","embeddable":true,"href":"https:\/\/magictowns.it\/de\/wp-json\/wp\/v2\/tags?post=39094"}],"curies":[{"name":"wp","href":"https:\/\/api.w.org\/{rel}","templated":true}]}}