{"id":43779,"date":"2026-01-20T10:48:37","date_gmt":"2026-01-20T09:48:37","guid":{"rendered":"https:\/\/magictowns.it\/?p=43779"},"modified":"2026-03-05T10:32:34","modified_gmt":"2026-03-05T09:32:34","slug":"visumfrit-europa-australiere-flytter-til-italien","status":"publish","type":"post","link":"https:\/\/magictowns.it\/da\/visa-free-europe-australians-moving-to-italy\/","title":{"rendered":"Visumfrit Europa kan blive virkelighed for australiere, der flytter til Italien"},"content":{"rendered":"<p>I de seneste par dage har der cirkuleret nyheder, som for alvor kan \u00e6ndre australiernes m\u00e5de at flytte til Europa p\u00e5. If\u00f8lge flere store internationale medier diskuterer Den Europ\u00e6iske Union og Australien en <strong>ny mobilitetsaftale<\/strong> der kunne g\u00f8re det muligt <strong><a href=\"https:\/\/magictowns.it\/da\/fra-melbourne-til-gardasoen-tim-epstein-bb-italien\/\" data-type=\"link\" data-id=\"https:\/\/magictowns.it\/from-melbourne-to-lake-garda-tim-epstein-bb-italy\/\">Australiere<\/a><\/strong> at bo og arbejde i EU-lande, herunder Italien, med langt f\u00e6rre visumbarrierer end i dag. <\/p>\n\n\n\n<p>Det er ikke lov endnu. Men hvis det bliver gennemf\u00f8rt, vil det v\u00e6re <strong>En af de st\u00f8rste forandringer<\/strong> for mobiliteten mellem EU og Australien i \u00e5rtier. S\u00e5 lad os se p\u00e5, hvad der virkelig diskuteres, hvad der er bekr\u00e6ftet, og hvad der stadig skal ske, for at australiere, der flytter til Italien, kan drage fordel af denne aftale.<\/p>\n\n\n\n<h2 class=\"wp-block-heading\"><strong>Nuv\u00e6rende regler<\/strong> og <strong>Hvad der bliver foresl\u00e5et<\/strong><\/h2>\n\n\n\n<p>I \u00f8jeblikket, som du sikkert allerede ved, <strong><a href=\"https:\/\/magictowns.it\/da\/sara-shepherd-fra-australien-til-fabriano-le-marche\/\" data-type=\"link\" data-id=\"https:\/\/magictowns.it\/sara-shepherd-from-australia-to-fabriano-le-marche\/\">Australske statsborgere<\/a><\/strong> kan rejse ind i Schengen-omr\u00e5det uden visum til korte ophold, herunder turisme, forretningsm\u00f8der og familiebes\u00f8g - men kun til <strong>90 dage inden for en 180-dages periode<\/strong>. Denne visumfri adgang giver dig ikke mulighed for at: deltage i nogen form for l\u00f8nnet aktivitet for en italiensk eller EU-arbejdsgiver, udf\u00f8re selvst\u00e6ndig virksomhed eller freelancearbejde, mens du er baseret i Italien (eller et andet Schengen-land) og etablere bop\u00e6l eller ophold ud over gr\u00e6nsen p\u00e5 90 dage. For enhver arbejdsaktivitet eller l\u00e6ngerevarende ophold skal du indhente en <strong>nationalt visum<\/strong> fra det italienske konsulat <strong>f\u00f8r<\/strong> ind, efterfulgt af en opholdstilladelse efter ankomsten.<\/p>\n\n\n\n<p>Men den<strong> store nyheder<\/strong> er, at EU er i gang med at forhandle om en bredere handels- og samarbejdsaftale med Australien. Dette initiativ startede faktisk tilbage i 2018, men gik i st\u00e5 et par \u00e5r senere p\u00e5 grund af uoverensstemmelser. Nu er det tilbage p\u00e5 bordet.<\/p>\n\n\n\n<p>I denne pakke er der et forslag til en <strong>Ordning for langvarig mobilitet<\/strong>. If\u00f8lge rapporterne kan denne ordning, hvis den bliver godkendt, give australierne mulighed for at <strong><a href=\"https:\/\/magictowns.it\/da\/fra-australien-til-polinago-winnifred-rossers-historie\/\" data-type=\"link\" data-id=\"https:\/\/magictowns.it\/from-australia-to-polinago-winnifred-rossers-story\/\"><strong>bo og arbejde<\/strong><\/a> i EU-lande i op til fire \u00e5r<\/strong> under forenklede regler - hvilket betyder, at man ikke n\u00f8dvendigvis skal have et jobtilbud p\u00e5 forh\u00e5nd eller gennemg\u00e5 den traditionelle nationale arbejdsvisumproces. I praksis kan det betyde, at australiere vil kunne: flytte til Italien uden at konkurrere om begr\u00e6nsede arbejdsvisakvoter, ankomme f\u00f8rst og s\u00f8ge arbejde lokalt og lettere opbygge langsigtede karrierer i Italien.<\/p>\n\n\n\n<p><strong>Hvad med europ\u00e6ere, der flytter til Australien?<\/strong> Heldigvis er forslaget udformet som en <strong>tovejs-arrangement<\/strong>, Det betyder, at europ\u00e6ere vil f\u00e5 samme adgang til at bo og arbejde i Australien.<\/p>\n\n\n\n<figure class=\"wp-block-image size-full\"><img decoding=async data-opt-id=1450551746  fetchpriority=\"high\" src=\"https:\/\/ml4ds5noqxtv.i.optimole.com\/w:auto\/h:auto\/q:mauto\/g:sm\/f:best\/https:\/\/magictowns.it\/wp-content\/uploads\/2026\/01\/Untitled-11-46.png\" alt=\"visumfrihed i europa, australiere flytter til italien\" class=\"wp-image-43797\" title=\"\"><figcaption class=\"wp-element-caption\">Mobilitetsaftale mellem EU og Australien<\/figcaption><\/figure>\n\n\n\n<h2 class=\"wp-block-heading\"><strong><strong>Men hvorfor sker det?<\/strong><\/strong><\/h2>\n\n\n\n<p>I hjertet af denne mulige mobilitetsaftale mellem EU og Australien ligger en <strong>presserende \u00f8konomisk virkelighed<\/strong>: Begge sider st\u00e5r over for kritiske <strong>udfordringer for arbejdsstyrken<\/strong> som ingen af dem kan l\u00f8se alene. <\/p>\n\n\n\n<p>Europa, og is\u00e6r Italien, k\u00e6mper med en af de mest alvorlige demografiske kriser i den udviklede verden. If\u00f8lge <strong><a href=\"https:\/\/ec.europa.eu\/eurostat\/statistics-explained\/index.php?title=Population_projections_in_the_EU\" data-type=\"link\" data-id=\"https:\/\/ec.europa.eu\/eurostat\/statistics-explained\/index.php?title=Population_projections_in_the_EU\" target=\"_blank\" rel=\"noopener\">Eurostat<\/a><\/strong> prognoser forventes EU's befolkning i den arbejdsdygtige alder at falde fra 264 millioner i 2022 til 207 millioner i 2050 - et fald p\u00e5 21%, hvis indvandringen ikke kompenserer. Italien er s\u00e6rligt s\u00e5rbart - med en medianalder p\u00e5 48,2 \u00e5r, en af de h\u00f8jeste p\u00e5 verdensplan, er landet desperat. <strong><a href=\"https:\/\/magictowns.it\/da\/det-utroligt-skrumpende-italien-1-hjerneflugten\/\" data-type=\"link\" data-id=\"https:\/\/magictowns.it\/the-incredible-shrinking-italy-1-the-brain-drain\/\">har brug for medarbejdere<\/a><\/strong> inden for sundhedspleje, \u00e6ldrepleje, byggeri, teknologi og g\u00e6stfrihed. Australien er heller ikke immunt: <strong><a href=\"https:\/\/www.jobsandskills.gov.au\/\" data-type=\"link\" data-id=\"https:\/\/www.jobsandskills.gov.au\/\" target=\"_blank\" rel=\"noopener\">Job og f\u00e6rdigheder<\/a><\/strong> Australiens liste over mangel p\u00e5 arbejdskraft i 2024<strong> <\/strong>identificerer n\u00e6sten tre ud af ti erhverv, der i \u00f8jeblikket er mangel p\u00e5, is\u00e6r inden for sundhedspleje, teknik, IT og byggeri. <\/p>\n\n\n\n<p>S\u00e5 aftalens gensidige karakter er det, der g\u00f8r den politisk <strong>levedygtig<\/strong> - Begge sider f\u00e5r adgang til hinandens talentpuljer, hvilket skaber en win-win-situation, hvor Europa f\u00e5r unge, kvalificerede arbejdere, og Australien udfylder vedvarende ledige stillinger i kritiske brancher.<\/p>\n\n\n\n<h2 class=\"wp-block-heading\"><strong>Hvad sker der nu?<\/strong><\/h2>\n\n\n\n<p>I \u00f8jeblikket er dette forslag stadig under behandling. <strong><a href=\"https:\/\/policy.trade.ec.europa.eu\/eu-trade-relationships-country-and-region\/countries-and-regions\/australia_en\" data-type=\"link\" data-id=\"https:\/\/policy.trade.ec.europa.eu\/eu-trade-relationships-country-and-region\/countries-and-regions\/australia_en\" target=\"_blank\" rel=\"noopener\">forhandlingsfasen<\/a><\/strong>. Det betyder, at der er politisk interesse p\u00e5 begge sider, men endnu ingen bindende juridiske rammer. Selv hvis der opn\u00e5s en principiel aftale, vil det stadig v\u00e6re n\u00f8dvendigt:<\/p>\n\n\n\n<ul class=\"wp-block-list\">\n<li>Formel godkendelse p\u00e5 EU-niveau (Det Europ\u00e6iske R\u00e5d og Europa-Parlamentet)<\/li>\n\n\n\n<li>Ratifikation af individuelle medlemslande<\/li>\n\n\n\n<li>Juridisk implementering i alle medlemslande, inklusive Italien<\/li>\n\n\n\n<li>Udvikling af praktiske administrative procedurer<\/li>\n<\/ul>\n\n\n\n<p>Denne type proces er <strong>langsomt<\/strong> af natur og tager normalt mange m\u00e5neder, nogle gange \u00e5r. Men situationen er <strong>udviklende<\/strong> og kan \u00e5bne store muligheder i fremtiden, s\u00e5 lad os v\u00e6re fortr\u00f8stningsfulde! Og hvis du ikke kan vente, ved du, at vi er <strong>her for at hj\u00e6lpe dig<\/strong> med din flytning.<\/p>\n\n\n\n<div style=\"height:13px\" aria-hidden=\"true\" class=\"wp-block-spacer\"><\/div>\n\n\n\n<div class=\"wp-block-buttons has-custom-font-size has-medium-font-size is-content-justification-center is-layout-flex wp-container-core-buttons-is-layout-16018d1d wp-block-buttons-is-layout-flex\">\n<div class=\"wp-block-button has-custom-width wp-block-button__width-100\"><a class=\"wp-block-button__link has-black-color has-pale-ocean-gradient-background has-text-color has-background has-link-color has-medium-font-size has-custom-font-size wp-element-button\" href=\"https:\/\/magictowns.it\/da\/prisfastsaettelse\/\" style=\"border-radius:100px\">\u00c5RSMEDLEMMER F\u00c5R EN TIMES PRIVAT KONSULTATION OG MEGET MERE!<\/a><\/div>\n<\/div>\n\n\n\n<div style=\"height:13px\" aria-hidden=\"true\" class=\"wp-block-spacer\"><\/div>\n\r\n\t\t\t<div id=\"daexthefu-container\"\r\n\t\t\t\tclass=\"daexthefu-container daexthefu-layout-side-by-side daexthefu-alignment-center\"\r\n\t\t\t\tdata-post-id=\"43779\">\r\n\r\n\t\t\t\t<div class=\"daexthefu-feedback\">\r\n\t\t\t\t\t<div class=\"daexthefu-text\">\r\n\t\t\t\t\t\t<h3 class=\"daexthefu-title\">Var dette en hj\u00e6lp?<\/h3>\r\n\t\t\t\t\t<\/div>\r\n\t\t\t\t\t<div class=\"daexthefu-buttons-container\">\r\n\t\t\t\t\t\t<div class=\"daexthefu-buttons\">\r\n\t\t\t\t\t\t\t\r\n\t\t\t<div class=\"daexthefu-yes daexthefu-button daexthefu-button-type-text\" data-value=\"1\">\r\n\t\t\t\t<div class=\"daexthefu-button-text\">\u2705 Ja<\/div>\r\n\t\t\t<\/div>\r\n\r\n\t\t\t\t\t\t\t\t\t\t\r\n\t\t\t<div class=\"daexthefu-no daexthefu-button daexthefu-button-type-text\" data-value=\"0\">\r\n\t\t\t\t<div class=\"daexthefu-button-text\">\u274c Nej<\/div>\r\n\t\t\t<\/div>\r\n\r\n\t\t\t\t\t\t\t\t\t<\/div>\r\n\t\t\t\t\t<\/div>\r\n\t\t\t\t<\/div>\r\n\r\n\t\t\t\t<div class=\"daexthefu-comment\">\r\n\t\t\t\t\t<div class=\"daexthefu-comment-top-container\">\r\n\t\t\t\t\t\t<label id=\"daexthefu-comment-label\" class=\"daexthefu-comment-label\"><\/label>\r\n\t\t\t\t\t\t\t\t\t\t\t\t\t<div class=\"daexthefu-comment-character-counter-container\">\r\n\t\t\t\t\t\t\t\t<div id=\"daexthefu-comment-character-counter-number\"\r\n\t\t\t\t\t\t\t\t\tclass=\"daexthefu-comment-character-counter-number\"><\/div>\r\n\t\t\t\t\t\t\t\t<div class=\"daexthefu-comment-character-counter-text\"><\/div>\r\n\t\t\t\t\t\t\t<\/div>\r\n\t\t\t\t\t\t\t\t\t\t\t<\/div>\r\n\t\t\t\t\t<textarea id=\"daexthefu-comment-textarea\" class=\"daexthefu-comment-textarea\"\r\n\t\t\t\t\t\t\t\tplaceholder=\"Skriv din besked\"\r\n\t\t\t\t\t\t\t\tmaxlength=\"\t\t\t\t\t\t\t\t400\t\t\t\t\t\t\t\t\t\"><\/textarea>\r\n\t\t\t\t\t<div class=\"daexthefu-comment-buttons-container\">\r\n\t\t\t\t\t\t<button class=\"daexthefu-comment-submit daexthefu-button\">Indsend<\/button>\r\n\t\t\t\t\t\t<button class=\"daexthefu-comment-cancel daexthefu-button\">Annuller<\/button>\r\n\t\t\t\t\t<\/div>\r\n\t\t\t\t<\/div>\r\n\r\n\t\t\t\t<div class=\"daexthefu-successful-submission-text\">Tak for din feedback!<\/div>\r\n\r\n\t\t\t<\/div>","protected":false},"excerpt":{"rendered":"<p>Det kan snart blive lettere for australiere at bo og arbejde i Europa. EU og Australien forhandler om en ny mobilitetsaftale, der lemper visumbarriererne for l\u00e6ngerevarende ophold.<\/p>","protected":false},"author":79,"featured_media":43797,"comment_status":"closed","ping_status":"open","sticky":false,"template":"single-fullwidth.php","format":"standard","meta":{"_acf_changed":false,"_helpful_status":1,"sync_status":"","episode_type":"","audio_file":"","podmotor_file_id":"","podmotor_episode_id":"","castos_file_data":"","cover_image":"","cover_image_id":"","duration":"","filesize":"","filesize_raw":"","date_recorded":"","explicit":"","block":"","itunes_episode_number":"","itunes_title":"","itunes_season_number":"","itunes_episode_type":"","footnotes":""},"categories":[1322],"tags":[],"class_list":{"0":"post-43779","1":"post","2":"type-post","3":"status-publish","4":"format-standard","5":"has-post-thumbnail","7":"category-visas-and-residency"},"acf":[],"menu_order":0,"_links":{"self":[{"href":"https:\/\/magictowns.it\/da\/wp-json\/wp\/v2\/posts\/43779","targetHints":{"allow":["GET"]}}],"collection":[{"href":"https:\/\/magictowns.it\/da\/wp-json\/wp\/v2\/posts"}],"about":[{"href":"https:\/\/magictowns.it\/da\/wp-json\/wp\/v2\/types\/post"}],"author":[{"embeddable":true,"href":"https:\/\/magictowns.it\/da\/wp-json\/wp\/v2\/users\/79"}],"replies":[{"embeddable":true,"href":"https:\/\/magictowns.it\/da\/wp-json\/wp\/v2\/comments?post=43779"}],"version-history":[{"count":18,"href":"https:\/\/magictowns.it\/da\/wp-json\/wp\/v2\/posts\/43779\/revisions"}],"predecessor-version":[{"id":43800,"href":"https:\/\/magictowns.it\/da\/wp-json\/wp\/v2\/posts\/43779\/revisions\/43800"}],"wp:featuredmedia":[{"embeddable":true,"href":"https:\/\/magictowns.it\/da\/wp-json\/wp\/v2\/media\/43797"}],"wp:attachment":[{"href":"https:\/\/magictowns.it\/da\/wp-json\/wp\/v2\/media?parent=43779"}],"wp:term":[{"taxonomy":"category","embeddable":true,"href":"https:\/\/magictowns.it\/da\/wp-json\/wp\/v2\/categories?post=43779"},{"taxonomy":"post_tag","embeddable":true,"href":"https:\/\/magictowns.it\/da\/wp-json\/wp\/v2\/tags?post=43779"}],"curies":[{"name":"wp","href":"https:\/\/api.w.org\/{rel}","templated":true}]}}