{"id":41874,"date":"2025-11-21T18:34:30","date_gmt":"2025-11-21T17:34:30","guid":{"rendered":"https:\/\/magictowns.it\/?p=41874"},"modified":"2026-03-27T11:38:17","modified_gmt":"2026-03-27T10:38:17","slug":"federico-faggin-interview-vicenza","status":"publish","type":"post","link":"https:\/\/magictowns.it\/da\/federico-faggin-interview-vicenza\/","title":{"rendered":"Federico Faggin: Mikroprocessor-pioner til bevidsthedsforsker"},"content":{"rendered":"<p>Det er ikke ofte, man g\u00e5r ind i et forsamlingshus i en lille italiensk by og st\u00e5r ansigt til ansigt med <strong>manden, der bogstaveligt talt opfandt den moderne verden<\/strong>.<\/p>\n\n\n\n<p>I g\u00e5r aftes, i Longare \u2013 kun et stenkast fra Palladios villaer i Vicenza \u2013 havde vi det sj\u00e6ldne privilegium at overv\u00e6re en samtale med <strong><a href=\"https:\/\/en.wikipedia.org\/wiki\/Federico_Faggin\" target=\"_blank\" rel=\"noreferrer noopener\">Federico Faggin<\/a><\/strong>. For omverdenen er han <strong>fysikeren, der designede den f\u00f8rste kommercielle mikroprocessor<\/strong> (Intel 4004)<strong> og faren til touchsk\u00e6rmen<\/strong>. For lokalbefolkningen er den italiensk-amerikanske videnskabsmand imidlertid ogs\u00e5 en lokal dreng fra \u00e5rgangen 1960 p\u00e5 Istituto Rossi, der vender hjem med en advarsel og et budskab om h\u00e5b.<br><br>For en expat, der har boet i Californien siden 1968, er Faggins tilbagevenden til <a class=\"wpil_keyword_link\" href=\"https:\/\/magictowns.it\/da\/by\/vicenza-veneto-italien\/\" title=\"Vicenza\" data-wpil-keyword-link=\"linked\" data-wpil-monitor-id=\"1149\">Vicenza<\/a> var mere end en sejrsrunde; det var en filosofisk hjemkomst. Her er et indblik i tankerne hos den italiensk-amerikanske legende, der fors\u00f8ger at redde menneskeheden fra netop den teknologi, han var med til at skabe.<\/p>\n\n\n\n<h2 class=\"wp-block-heading\">Udstationeringens paradoks: Byggeren kontra troende<\/h2>\n\n\n\n<p>Federico Faggin, der er f\u00f8dt og opvokset i Vicenza, blev ber\u00f8mt for at forts\u00e6tte med at <strong>opfinde verdens f\u00f8rste mikroprocessor<\/strong> (Intel 4004 i 1971) og gjorde sig bem\u00e6rket som vision\u00e6r i Silicon Valley. Faggin har brugt de sidste tre \u00e5rtier af sit liv p\u00e5 at reflektere over <em>\u201cmenneskets bevidsthed og forholdet mellem videnskab og spiritualitet\u201d<\/em>. Denne sp\u00e6ndende kontrast satte scenen for aftenen: den lokale tech-helt, der blev filosof, var her for at diskutere intet mindre end livets dybeste sp\u00f8rgsm\u00e5l.<\/p>\n\n\n\n<p>Faggin repr\u00e6senterer<strong> den ultimative italienske succeshistorie om udvandring<\/strong>. Han mindedes stolt, hvordan han i 1960 fik sit eksamensbevis fra Vicenzas Istituto Rossi, et prestigefyldt teknisk institut. Bev\u00e6bnet med en passion for elektronik fik den unge Vicentino job hos Olivetti, hvor \u2013 <strong>som kun 19-\u00e5rig \u2013 han var med til at designe en af Italiens f\u00f8rste transistorbaserede computere<\/strong>. Denne tidlige succes fik ham til at studere fysik ved Universitetet i Padua, og i slutningen af 1960'erne flyttede Faggin til Californien, hvor han blev en del af den spirende teknologib\u00f8lge. <\/p>\n\n\n\n<p>I 1971 ledede han det Intel-team, der skabte <strong>f\u00f8rste mikroprocessor<\/strong>, en fingerb\u00f8l-stor chip, der skulle udl\u00f8se den digitale revolution. Faggin gik videre med at medstifte teknologivirksomheder (som Zilog og Synaptics) og fik ry for at v\u00e6re en innovator. Men trods disse bedrifter, siger han, f\u00f8lte han i 1990'erne en tomhed. Den ydre succes havde ikke medf\u00f8rt indre tilfredsstillelse.<\/p>\n\n\n\n<h2 class=\"wp-block-heading\">Den menneskelige sj\u00e6l og kvantefysik<\/h2>\n\n\n\n<p>Faggin fort\u00e6ller, at han i \u00e5revis var tilh\u00e6nger af \u201cvidenskabstroen\u201d \u2013 overbevist om, at alt, inklusive menneskelige f\u00f8lelser, blot var elektriske signaler. Men trods sin enorme succes og rigdom indr\u00f8mmede han: \u201cJeg var ikke lykkelig... Jeg levede udelukkende i mit hoved, aldrig i mit hjerte\u201d. Vendepunktet kom <strong>en nat i 1990 p\u00e5 ferie ved Lake Tahoe<\/strong>, hvor han oplevede en fysisk eksplosion af \u201chvidt lys\u201d og k\u00e6rlighed fra sit bryst \u2013 en oplevelse s\u00e5 kraftig, at den \u00f8delagde hans materialistiske verdenssyn og satte ham p\u00e5 en 30-\u00e5rig rejse for at bevise, at bevidsthed kommer <em>f\u00f8r<\/em> sagen, ikke efter.<\/p>\n\n\n\n<p>Det mystiske m\u00f8de satte Faggin p\u00e5 en ny vej. I de f\u00f8lgende \u00e5r vendte han sin videnskabelige tankegang indad og s\u00f8gte at forst\u00e5 <strong>bevidsthed<\/strong> \u2013 den mystiske bevidsthed, som den konventionelle videnskab har sv\u00e6rt ved at forklare. Han sp\u00f8gte med, at han i starten ikke engang havde et navn for det, han havde f\u00f8lt, og f\u00f8rst senere erkendte han, at det var et m\u00f8de med de dybere lag af bevidstheden. <\/p>\n\n\n\n<p>Som den videnskabsmand han var, begyndte Faggin at studere neurovidenskab, biologi og filosofi i et fors\u00f8g p\u00e5 at forbinde sine erfaringer med empirisk viden. Til sidst udviklede han en dristig ny teoretisk ramme, som han uddyber i sin seneste bog. <em><a href=\"https:\/\/www.amazon.com\/Oltre-linvisibile-scienza-spiritualit%C3%A0-uniscono-ebook\/dp\/B0D5G2J5HC\/ref=sr_1_6?crid=1S6XD4CYSIGKK&amp;dib=eyJ2IjoiMSJ9._XwuG9GO6GtrlC9UyRC_25jjo8x8T3qo1XMNV2f-HxOGe2RnC1p0GQmJuH3jg6yKdm28rmgh9J4m3v8Yyp37fobjTbBQkHeOQbEaavHnS8b1HfgP-TvJEGEWKy9Zyh9H7NQ-Dlxt8fdnZjd2wl_KFEEHM5IN7__6O3LKLkb02GuaFp9DV7howVwoZPAVfztb.S9dTpncnLDxC3xkHQMdeHEOtSrVw8B-_ValChDfacFE&amp;dib_tag=se&amp;keywords=federico+faggin&amp;qid=1763746256&amp;sprefix=federico+faggi%2Caps%2C402&amp;sr=8-6\" target=\"_blank\" rel=\"noopener\">Oltre l\u2019invisibile<\/a><\/em> (\u201cBeyond the Invisible\u201d). Han er fast overbevist om, at hans teori er <em>ikke<\/em> bare abstrakt filosofi, men med rod i fysikken \u2013 is\u00e6r kvantefysikken. <\/p>\n\n\n\n<p>Faggin's <strong>centrale id\u00e9<\/strong> er sl\u00e5ende: <strong>bevidsthed og fri vilje er grundl\u00e6ggende elementer i virkeligheden<\/strong>, ikke produkter af hjernens kemi. \u201cMaterie er ikke bevidst, og fra ubevidst materie <strong>bevidsthed kan ikke opst\u00e5<\/strong>. Materie har ingen fri vilje, og fra livl\u00f8s materie <strong>fri vilje kan ikke opst\u00e5<\/strong>.\u201d Med andre ord er vores subjektive oplevelse \u2013 vores sind, vilje og selvbevidsthed \u2013 ikke noget, der udelukkende opst\u00e5r fra elektriske signaler i neuroner. Faggin mener snarere, at bevidsthed er en ureducerbar egenskab ved universet, lige s\u00e5 grundl\u00e6ggende som rum, tid eller energi.<\/p>\n\n\n\n<h2 class=\"wp-block-heading\">Federico Faggins advarsel til AI-generationen<\/h2>\n\n\n\n<p>Ved at kombinere h\u00f8jt niveau fysik med en varme, som kun en italiensk historiefort\u00e6ller besidder, gav Faggin et s\u00e6rskilt perspektiv p\u00e5 kunstig intelligens. Mens verden g\u00e5r i panik over, at AI bliver bevidst, forbliver Faggin up\u00e5virket. <em>\u201cEn computer er som en bog.\u201d<\/em> fortalte han publikum. <em>\u201cBogen indeholder viden, men bogen selv ved intet\u201d<\/em>. Hans advarsel er klar: <strong>Faren er ikke, at maskiner bliver som os, men at vi bliver som maskiner.<\/strong>. Han advarede om, at hvis vi stoler p\u00e5 AI uden at bevare vores egen kritiske t\u00e6nkning og \u201cindre lys\u201d, risikerer vi at blive \u201cskematiseret\u201d og kontrolleret af en \u201cblind bureaukrati\u201d af algoritmer.<\/p>\n\n\n\n<h2 class=\"wp-block-heading\">En ny ren\u00e6ssance?<\/h2>\n\n\n\n<p>P\u00e5 trods af de tunge emner er Faggins budskab til sit hjemlige publikum optimistisk. Han mener, at vi st\u00e5r p\u00e5 t\u00e6rsklen til en \u201c\u00e5ndelig opv\u00e5gnen\u201d \u2013 en bev\u00e6gelse v\u00e6k fra ren materialisme og hen imod en videnskab, der anerkender sj\u00e6len og bevidstheden som grundl\u00e6ggende naturlove. Han opfordrede til en \u00e6ndring fra <strong>konkurrence til samarbejde<\/strong>, idet han bem\u00e6rker, at \u00e6gte evolution kommer fra forst\u00e5elsen af, at vi alle er en del af et enkelt, sammenh\u00e6ngende hele.<\/p>\n\n\n\n<p>At se Federico Faggin i Vicenza var en p\u00e5mindelse om det italienske genis dybe r\u00f8dder. Han er en mand, der erobrede den digitale verden, kun for at vende tilbage til den analoge varme i menneskelige relationer.<\/p>\n\n\n\n<p>Som han sagde til en sp\u00f8rger: <em>\u201cFor at bruge AI godt skal man v\u00e6re smartere end AI'en.\u201d<\/em>. Og \u00e6gte intelligens, insisterer han, kommer ikke fra processorkraft, men fra det eneste, en maskine aldrig kan f\u00e5: <strong>k\u00e6rlighed<\/strong>, som han smukt definerede som <em>\u201cmeningens smag\u201d<\/em>.<\/p>\n\n\n\n<p>For alle, der elsker Italien, er Federico Faggins vidnesbyrd en magisk p\u00e5mindelse om, at dette land ikke kun eksporterer produkter, men ogs\u00e5 dyb menneskelighed.<\/p>\n\r\n\t\t\t<div id=\"daexthefu-container\"\r\n\t\t\t\tclass=\"daexthefu-container daexthefu-layout-side-by-side daexthefu-alignment-center\"\r\n\t\t\t\tdata-post-id=\"41874\">\r\n\r\n\t\t\t\t<div class=\"daexthefu-feedback\">\r\n\t\t\t\t\t<div class=\"daexthefu-text\">\r\n\t\t\t\t\t\t<h3 class=\"daexthefu-title\">Var dette en hj\u00e6lp?<\/h3>\r\n\t\t\t\t\t<\/div>\r\n\t\t\t\t\t<div class=\"daexthefu-buttons-container\">\r\n\t\t\t\t\t\t<div class=\"daexthefu-buttons\">\r\n\t\t\t\t\t\t\t\r\n\t\t\t<div class=\"daexthefu-yes daexthefu-button daexthefu-button-type-text\" data-value=\"1\">\r\n\t\t\t\t<div class=\"daexthefu-button-text\">\u2705 Ja<\/div>\r\n\t\t\t<\/div>\r\n\r\n\t\t\t\t\t\t\t\t\t\t\r\n\t\t\t<div class=\"daexthefu-no daexthefu-button daexthefu-button-type-text\" data-value=\"0\">\r\n\t\t\t\t<div class=\"daexthefu-button-text\">\u274c Nej<\/div>\r\n\t\t\t<\/div>\r\n\r\n\t\t\t\t\t\t\t\t\t<\/div>\r\n\t\t\t\t\t<\/div>\r\n\t\t\t\t<\/div>\r\n\r\n\t\t\t\t<div class=\"daexthefu-comment\">\r\n\t\t\t\t\t<div class=\"daexthefu-comment-top-container\">\r\n\t\t\t\t\t\t<label id=\"daexthefu-comment-label\" class=\"daexthefu-comment-label\"><\/label>\r\n\t\t\t\t\t\t\t\t\t\t\t\t\t<div class=\"daexthefu-comment-character-counter-container\">\r\n\t\t\t\t\t\t\t\t<div id=\"daexthefu-comment-character-counter-number\"\r\n\t\t\t\t\t\t\t\t\tclass=\"daexthefu-comment-character-counter-number\"><\/div>\r\n\t\t\t\t\t\t\t\t<div class=\"daexthefu-comment-character-counter-text\"><\/div>\r\n\t\t\t\t\t\t\t<\/div>\r\n\t\t\t\t\t\t\t\t\t\t\t<\/div>\r\n\t\t\t\t\t<textarea id=\"daexthefu-comment-textarea\" class=\"daexthefu-comment-textarea\"\r\n\t\t\t\t\t\t\t\tplaceholder=\"Skriv din besked\"\r\n\t\t\t\t\t\t\t\tmaxlength=\"\t\t\t\t\t\t\t\t400\t\t\t\t\t\t\t\t\t\"><\/textarea>\r\n\t\t\t\t\t<div class=\"daexthefu-comment-buttons-container\">\r\n\t\t\t\t\t\t<button class=\"daexthefu-comment-submit daexthefu-button\">Indsend<\/button>\r\n\t\t\t\t\t\t<button class=\"daexthefu-comment-cancel daexthefu-button\">Annuller<\/button>\r\n\t\t\t\t\t<\/div>\r\n\t\t\t\t<\/div>\r\n\r\n\t\t\t\t<div class=\"daexthefu-successful-submission-text\">Tak for din feedback!<\/div>\r\n\r\n\t\t\t<\/div>","protected":false},"excerpt":{"rendered":"<p>Oplev den fascinerende rejse, som Federico Faggin, den italiensk-amerikanske vision\u00e6r, der opfandt den f\u00f8rste mikroprocessor, begiver sig ud p\u00e5, n\u00e5r han vender tilbage til Vicenza. Faggin udforsker dybe sp\u00f8rgsm\u00e5l om teknologi og bevidsthed og blander sine videnskabelige indsigter med en dyb filosofisk s\u00f8gen.<\/p>","protected":false},"author":1,"featured_media":41878,"comment_status":"closed","ping_status":"open","sticky":false,"template":"single-fullwidth.php","format":"standard","meta":{"_acf_changed":false,"_helpful_status":1,"sync_status":"","episode_type":"","audio_file":"","podmotor_file_id":"","podmotor_episode_id":"","castos_file_data":"","cover_image":"","cover_image_id":"","duration":"","filesize":"","filesize_raw":"","date_recorded":"","explicit":"","block":"","itunes_episode_number":"","itunes_title":"","itunes_season_number":"","itunes_episode_type":"","footnotes":""},"categories":[1116],"tags":[],"class_list":{"0":"post-41874","1":"post","2":"type-post","3":"status-publish","4":"format-standard","5":"has-post-thumbnail","7":"category-expat-stories"},"acf":[],"menu_order":0,"_links":{"self":[{"href":"https:\/\/magictowns.it\/da\/wp-json\/wp\/v2\/posts\/41874","targetHints":{"allow":["GET"]}}],"collection":[{"href":"https:\/\/magictowns.it\/da\/wp-json\/wp\/v2\/posts"}],"about":[{"href":"https:\/\/magictowns.it\/da\/wp-json\/wp\/v2\/types\/post"}],"author":[{"embeddable":true,"href":"https:\/\/magictowns.it\/da\/wp-json\/wp\/v2\/users\/1"}],"replies":[{"embeddable":true,"href":"https:\/\/magictowns.it\/da\/wp-json\/wp\/v2\/comments?post=41874"}],"version-history":[{"count":7,"href":"https:\/\/magictowns.it\/da\/wp-json\/wp\/v2\/posts\/41874\/revisions"}],"predecessor-version":[{"id":47767,"href":"https:\/\/magictowns.it\/da\/wp-json\/wp\/v2\/posts\/41874\/revisions\/47767"}],"wp:featuredmedia":[{"embeddable":true,"href":"https:\/\/magictowns.it\/da\/wp-json\/wp\/v2\/media\/41878"}],"wp:attachment":[{"href":"https:\/\/magictowns.it\/da\/wp-json\/wp\/v2\/media?parent=41874"}],"wp:term":[{"taxonomy":"category","embeddable":true,"href":"https:\/\/magictowns.it\/da\/wp-json\/wp\/v2\/categories?post=41874"},{"taxonomy":"post_tag","embeddable":true,"href":"https:\/\/magictowns.it\/da\/wp-json\/wp\/v2\/tags?post=41874"}],"curies":[{"name":"wp","href":"https:\/\/api.w.org\/{rel}","templated":true}]}}