{"id":39094,"date":"2025-09-05T09:29:11","date_gmt":"2025-09-05T07:29:11","guid":{"rendered":"https:\/\/magictowns.it\/?p=39094"},"modified":"2026-03-05T11:35:41","modified_gmt":"2026-03-05T10:35:41","slug":"armani-life-steder-i-italien","status":"publish","type":"post","link":"https:\/\/magictowns.it\/da\/armani-life-places-in-italy\/","title":{"rendered":"Ciao, Giorgio! Armanis liv fortalt gennem hans italienske steder"},"content":{"rendered":"<p>Kongen af stille elegance, Giorgio Armani, er d\u00f8d i en alder af 91 \u00e5r. Til \u00e6re for ham tager vi p\u00e5 en lille rejse gennem Italien - ikke modeshows eller jetset-kredse, men de virkelige steder, der formede ham. Byer, han voksede op i, flygtede til, arbejdede i eller i al stilf\u00e6rdighed elskede. Det er et kort over en mands liv, syet sammen med tilbageholdenhed, disciplin, lejlighedsvis hjertesorg - og en dyb f\u00f8lelse af sk\u00f8nhed.<\/p>\n\n\n\n<figure class=\"wp-block-image size-full\"><img decoding=async data-opt-id=1775097348  fetchpriority=\"high\" src=\"https:\/\/ml4ds5noqxtv.i.optimole.com\/w:auto\/h:auto\/q:mauto\/g:sm\/f:best\/https:\/\/magictowns.it\/wp-content\/uploads\/2025\/09\/giorgio-armani.jpg\" alt=\"\" class=\"wp-image-39095\" title=\"\"><figcaption class=\"wp-element-caption\"><em>Giorgio Armany i 2009, p\u00e5 et foto af Bruno Cordioli (CC BY 2.0)<\/em><\/figcaption><\/figure>\n\n\n\n<h2 class=\"wp-block-heading\"><strong>Piacenza: R\u00f8dder af enkelhed og stil<\/strong><\/h2>\n\n\n\n<p>Giorgio Armani blev f\u00f8dt i 1934 i den nordlige by <a href=\"https:\/\/magictowns.it\/da\/by\/piacenza-emilia-romagna-italien\/\" data-type=\"town\" data-id=\"29079\">Piacenza<\/a>En \"piccolo grande villaggio\" (lille stor landsby), som han yndede at beskrive den. I disse stille gader og det omkringliggende landskab slog Armanis forst\u00e5else for upr\u00e6tenti\u00f8s sk\u00f8nhed rod. Anden Verdenskrig p\u00e5virkede hans barndom her - n\u00e6tterne blev tilbragt i ly i k\u00e6lderen, mens bomberne faldt - men han fandt \u00f8jeblikke af uskyldig gl\u00e6de selv i modgang.<\/p>\n\n\n\n<figure class=\"wp-block-image size-large\"><img decoding=async data-opt-id=499272972  fetchpriority=\"high\" width=\"2560\" height=\"1714\" src=\"https:\/\/ml4ds5noqxtv.i.optimole.com\/w:auto\/h:auto\/q:mauto\/g:sm\/f:best\/https:\/\/magictowns.it\/wp-content\/uploads\/2025\/02\/Piacenza-in-Emilia-Romagna-Italy-scaled.jpg\" alt=\"Piacenza i Emilia-Romagna Italien\" class=\"wp-image-29080\" title=\"\" srcset=\"https:\/\/ml4ds5noqxtv.i.optimole.com\/w:1920\/h:1285\/q:mauto\/g:sm\/f:best\/https:\/\/magictowns.it\/wp-content\/uploads\/2025\/02\/Piacenza-in-Emilia-Romagna-Italy.jpg 2560w, https:\/\/ml4ds5noqxtv.i.optimole.com\/w:300\/h:201\/q:mauto\/g:sm\/f:best\/https:\/\/magictowns.it\/wp-content\/uploads\/2025\/02\/Piacenza-in-Emilia-Romagna-Italy.jpg 300w, https:\/\/ml4ds5noqxtv.i.optimole.com\/w:1024\/h:685\/q:mauto\/g:sm\/f:best\/https:\/\/magictowns.it\/wp-content\/uploads\/2025\/02\/Piacenza-in-Emilia-Romagna-Italy.jpg 1024w, https:\/\/ml4ds5noqxtv.i.optimole.com\/w:768\/h:514\/q:mauto\/g:sm\/f:best\/https:\/\/magictowns.it\/wp-content\/uploads\/2025\/02\/Piacenza-in-Emilia-Romagna-Italy.jpg 768w, https:\/\/ml4ds5noqxtv.i.optimole.com\/w:1536\/h:1028\/q:mauto\/g:sm\/f:best\/https:\/\/magictowns.it\/wp-content\/uploads\/2025\/02\/Piacenza-in-Emilia-Romagna-Italy.jpg 1536w, https:\/\/ml4ds5noqxtv.i.optimole.com\/w:1920\/h:1285\/q:mauto\/g:sm\/f:best\/https:\/\/magictowns.it\/wp-content\/uploads\/2025\/02\/Piacenza-in-Emilia-Romagna-Italy.jpg 2048w, https:\/\/ml4ds5noqxtv.i.optimole.com\/w:18\/h:12\/q:mauto\/g:sm\/f:best\/https:\/\/magictowns.it\/wp-content\/uploads\/2025\/02\/Piacenza-in-Emilia-Romagna-Italy.jpg 18w, https:\/\/ml4ds5noqxtv.i.optimole.com\/w:595\/h:398\/q:mauto\/g:sm\/f:best\/https:\/\/magictowns.it\/wp-content\/uploads\/2025\/02\/Piacenza-in-Emilia-Romagna-Italy.jpg 595w, https:\/\/ml4ds5noqxtv.i.optimole.com\/w:1920\/h:1285\/q:mauto\/g:sm\/f:best\/dpr:2\/https:\/\/magictowns.it\/wp-content\/uploads\/2025\/02\/Piacenza-in-Emilia-Romagna-Italy.jpg 2x\" sizes=\"(max-width: 1170px) 100vw, 1170px\" \/><figcaption class=\"wp-element-caption\"><em><a class=\"wpil_keyword_link\" href=\"https:\/\/magictowns.it\/da\/by\/piacenza-emilia-romagna-italien\/\"   title=\"Piacenza\" data-wpil-keyword-link=\"linked\"  data-wpil-monitor-id=\"654\">Piacenza<\/a> i Emilia-Romagna Italien<\/em><\/figcaption><\/figure>\n\n\n\n<p>Senere huskede han, at han legede hemmelige lege i k\u00e6lderen om natten og var skr\u00e6kslagen for luftangreb om dagen, selv om hans storebror Sergio s\u00e5 et eventyr i dem. De st\u00e6rke familiev\u00e6rdier i Piacenza forlod ham aldrig: Hans far var en ydmyg transportmedarbejder, og hans mor Maria opdragede ham med disciplin og varme. Maria ledede endda den lokale sommerkoloni, der sendte byb\u00f8rn til Adriaterhavet; da unge Giorgio og hans bror deltog, \"satte hun os i den f\u00e6lles sovesal med alle de andre, og det med rette - ingen s\u00e6rbehandling\", fortalte han. <a href=\"https:\/\/www.corriere.it\/cronache\/24_ottobre_13\/giorgio-armani-intervista-64f67122-8ed8-4171-8075-b9c96bd3fxlk.shtml\" target=\"_blank\" rel=\"noopener\">Corriere della Sera<\/a>. <\/p>\n\n\n\n<p>Denne forankring i retf\u00e6rdighed og ydmyghed skulle senere definere hans personlige stil. Armani forlod Piacenza som teenager, men han bevarede for altid dens provinsielle \u00e5benhed - selv hans accent, den karakteristiske&nbsp;<em>erre piacentina<\/em>blev hos ham. \u00c5rtier senere sp\u00f8gte han med, at hans pr\u00e6ference for subtile jordfarver kom fra hans barndoms landskab - han elskede den d\u00e6mpede gr\u00e5brune \"farve p\u00e5 Trebbias mudder\" mere end nogen lys nuance. I Piacenzas mudrede flodbredder og beskedne piazzaer,&nbsp;<em>Re Giorgio<\/em>&nbsp;l\u00e6rte f\u00f8rst, at elegance ligger i enkelhed.<\/p>\n\n\n\n<h2 class=\"wp-block-heading\"><strong>Misano Adriatico: Den f\u00f8rste k\u00e6rligheds sommer<\/strong><\/h2>\n\n\n\n<p>Som dreng tilbragte Armani solrige somre i Misano Adriatico p\u00e5 Emilia-Romagnas kyst ikke langt fra... <a href=\"https:\/\/magictowns.it\/da\/by\/rimini-emilia-romagna-italien\/\" data-type=\"town\" data-id=\"29228\">Rimini<\/a>. Misano var i 1940'erne et paradis ved havet med sand, b\u00f8lger og ungdommelig frihed. Her, p\u00e5 en sommerlejr ved kysten, blomstrede den generte teenager op blandt strandlege og f\u00f8rste forelskelser. Mange \u00e5r senere afsl\u00f8rede Armani et l\u00e6nge bevaret minde fra en s\u00e5dan sommer:\u00a0<em>\"Det var under et l\u00e6skur p\u00e5 Misano Mare-stranden, klokken fem om eftermiddagen i hviletiden ... Jeg var blandt drengene, og der var en ung r\u00e5dgiver, som straks gav mig en f\u00f8lelse af k\u00e6rlighed.\"<\/em>.<\/p>\n\n\n\n<figure class=\"wp-block-image size-full\"><img decoding=async data-opt-id=797596685  data-opt-src=\"https:\/\/ml4ds5noqxtv.i.optimole.com\/w:auto\/h:auto\/q:mauto\/g:sm\/f:best\/https:\/\/magictowns.it\/wp-content\/uploads\/2025\/09\/sea-at-Misano-Adriatico.jpg\"  src=\"data:image/svg+xml,%3Csvg%20viewBox%3D%220%200%20100%%20100%%22%20width%3D%22100%%22%20height%3D%22100%%22%20xmlns%3D%22http%3A%2F%2Fwww.w3.org%2F2000%2Fsvg%22%3E%3Crect%20width%3D%22100%%22%20height%3D%22100%%22%20fill%3D%22transparent%22%2F%3E%3C%2Fsvg%3E\" alt=\"\" class=\"wp-image-39096\" title=\"\"><figcaption class=\"wp-element-caption\"><em>Havet ved <a class=\"wpil_keyword_link\" href=\"https:\/\/magictowns.it\/da\/by\/misano-adriatico-emilia-romagna-italien\/\" title=\"Misano Adriatico\" data-wpil-keyword-link=\"linked\" data-wpil-monitor-id=\"656\">Misano Adriatico<\/a><\/em><\/figcaption><\/figure>\n\n\n\n<p>Den uskyldige forelskelse under Adriaterhavets sol var et vendepunkt. Oplevelsen forblev en hemmelighed i \u00e5rtier, hvilket illustrerer Armanis livslange diskretion omkring personlige forhold. Misano var ogs\u00e5 stedet, hvor han oplevede sin f\u00f8rste, mere konventionelle hvalpek\u00e6rlighed (en barndomsk\u00e6reste ved navn Wanda) og de enkle gl\u00e6der ved at <em>ragazzi<\/em> om sommeren - cykelture, sv\u00f8mmeture, grin under strandcabanaerne. <\/p>\n\n\n\n<h2 class=\"wp-block-heading\"><strong>Milano: Skabelsen af en maestro<\/strong><\/h2>\n\n\n\n<p>Hvis Piacenza gav Armani ydmyghed, og Misano gav ham hjerte, <a href=\"https:\/\/magictowns.it\/da\/by\/milano-lombardia-italien\/\" data-type=\"town\" data-id=\"28750\">Milano<\/a> gav ham vinger. Han flyttede til Milano i 1949 som bare 15-\u00e5rig, en provinsdreng med store \u00f8jne over storbyens travlhed. Efterkrigstidens Milano var barsk og levende - og i starten skr\u00e6mmende. Den unge Giorgio blev indskrevet p\u00e5 l\u00e6gestudiet, men anatomiforel\u00e6sninger og hospitalsgange sl\u00f8vede hans \u00e5nd. Efter milit\u00e6rtjenesten f\u00f8rte sk\u00e6bnen (og en vens tip) ham til et job i La Rinascente, det store milanesiske stormagasin. Her startede Armani i 1950'erne som vinduesdekorat\u00f8r og merchandiser - en uglamour\u00f8s l\u00e6replads, der viste sig at v\u00e6re afg\u00f8rende.<\/p>\n\n\n\n<figure class=\"wp-block-image size-large\"><img decoding=async data-opt-id=539712152  data-opt-src=\"https:\/\/ml4ds5noqxtv.i.optimole.com\/w:auto\/h:auto\/q:mauto\/g:sm\/f:best\/https:\/\/magictowns.it\/wp-content\/uploads\/2025\/02\/Milano-in-Lombardia-Italy.jpeg\"  src=\"data:image/svg+xml,%3Csvg%20viewBox%3D%220%200%20100%%20100%%22%20width%3D%22100%%22%20height%3D%22100%%22%20xmlns%3D%22http%3A%2F%2Fwww.w3.org%2F2000%2Fsvg%22%3E%3Crect%20width%3D%22100%%22%20height%3D%22100%%22%20fill%3D%22transparent%22%2F%3E%3C%2Fsvg%3E\" alt=\"Milano i Lombardiet Italien\" class=\"wp-image-28751\" title=\"\"><figcaption class=\"wp-element-caption\"><em>Milano p\u00e5virkede Giorgio Armanis liv massivt<\/em><\/figcaption><\/figure>\n\n\n\n<p>Han absorberede, hvad elegante milanesiske damer ville have, hvordan en perfekt draperet kjole i et vindue kunne stoppe nogen i deres spor.&nbsp;<strong>Han glemte aldrig de lektioner<\/strong>:&nbsp;<em>\"Den tidlige tr\u00e6ning i visning og redigering har fulgt mig hele livet.\"<\/em>sagde han senere. Milano frigjorde hans kreative selvtillid. I 1965 fangede hans skarpe blik opm\u00e6rksomheden hos designeren Nino Cerruti, som hyrede ham til at modernisere herret\u00f8j. Der er en charmerende anekdote: Cerruti testede den nyankomne ved at vise ham pr\u00f8ver af dristige stoffer; Armani foretrak de mere subtile - og fortalte sin chef, at han foretrak mudrede taupe- og gr\u00e5toner, farverne fra hans barndoms flodbred i Piacenza. Disse d\u00e6mpede toner skulle blive en signatur for&nbsp;<em>Armani-look<\/em>. <\/p>\n\n\n\n<p>I 1975 lancerede han og hans partner Sergio Galeotti m\u00e6rket Giorgio Armani i et lille kontor p\u00e5 Corso Venezia. Milano i 1970'erne var klar: Byens underspillede, pragmatiske elegance matchede Armanis. Hans ustrukturerede jakker og rene linjer definerede den nye power-dressing-\u00e6ra, mens de stadig kanaliserede Milanos iboende&nbsp;<em>sprezzatura<\/em>. Armani lavede Milano&nbsp;<strong>den<\/strong>&nbsp;modehovedstad i 1980'erne sammen med de lokale Versace og Ferr\u00e9. Men p\u00e5 trods af den globale ber\u00f8mmelse forblev han p\u00e5 mange m\u00e5der den reserverede Piacenza-dreng - disciplineret, h\u00f8flig og lidt af et hjemmemenneske. <\/p>\n\n\n\n<p>Armani havde sit hjem og hovedkvarter i Milanos Brera-kvarter, i g\u00e5afstand fra det sted, hvor hans f\u00f8rste butik \u00e5bnede. Kollegerne s\u00e5 ham ofte sv\u00f8mme omgange hver morgen og arbejde til langt ud p\u00e5 natten under stenbuerne i Brera.&nbsp;<em>Palazzo Orsini<\/em>, hans virksomheds hovedkvarter. Milano var ikke bare stedet, hvor Giorgio Armani opbyggede et imperium - det var her, han blev \"Re Giorgio\", kongen af italiensk mode, gennem h\u00e5rdt arbejde, up\u00e5klagelig smag og ved at forblive tro mod sig selv.<\/p>\n\n\n\n<h2 class=\"wp-block-heading\"><strong>Rom: Forelsket i det store l\u00e6rred<\/strong><\/h2>\n\n\n\n<p>Armanis forhold til <a href=\"https:\/\/magictowns.it\/da\/by\/roma-lazio-italy\/\" data-type=\"town\" data-id=\"29575\">Rom<\/a> handlede mindre om bop\u00e6l og mere om <em>la grande bellezza<\/em> - den store sk\u00f8nhed ved film. Som barn i Piacenza tilbragte han hellige eftermiddage i biografen med sin familie, mens \u00f8jnene var klistret til Hollywoods glamour\u00f8se verden. Han blev forelsket i film, l\u00e6nge f\u00f8r han nogensinde havde designet et eneste stykke t\u00f8j. Senere mindedes han de italienske neorealistiske klassikere - Vittorio De Sicas\u00a0<em>Cykeltyve<\/em>Rossellinis\u00a0<em>Rom, \u00e5ben by<\/em>\u00a0- og sagde, at de var \"film fulde af dramatiske og \u00e6stetiske nuancer, altid gennemsyret af en f\u00f8lelse af strenghed og v\u00e6rdighed, som for mig udtrykte den sande \u00e5nd i disse vanskelige \u00e5r\". Denne fornemmelse for filmisk drama fandt vej ind i hans arbejde.<\/p>\n\n\n\n<p>Da Armani var i 20'erne, foretog han en slags pilgrimsrejse til Roms Cinecitt\u00e0-studier. Han vandrede rundt i de sagnomspundne kulisser med store \u00f8jne, \"fyldt med forundring ... dr\u00f8mmefabrikken\", sagde han - og fantaserede endda et \u00f8jeblik om at blive skuespiller eller instrukt\u00f8r. Selv om moden i sidste ende gjorde krav p\u00e5 ham, skulle film blive et af hans st\u00f8rste medier. Armani knyttede dybe venskaber med instrukt\u00f8rer og filmstjerner; den evige bys filmpremierer fungerede ofte som uofficielle Armani-l\u00f8bebaner. <\/p>\n\n\n\n<figure class=\"wp-block-image size-full\"><img decoding=async data-opt-id=879107393  data-opt-src=\"https:\/\/ml4ds5noqxtv.i.optimole.com\/w:auto\/h:auto\/q:mauto\/g:sm\/f:best\/https:\/\/magictowns.it\/wp-content\/uploads\/2025\/09\/entrance_to_cinecitta.jpg\"  src=\"data:image/svg+xml,%3Csvg%20viewBox%3D%220%200%20100%%20100%%22%20width%3D%22100%%22%20height%3D%22100%%22%20xmlns%3D%22http%3A%2F%2Fwww.w3.org%2F2000%2Fsvg%22%3E%3Crect%20width%3D%22100%%22%20height%3D%22100%%22%20fill%3D%22transparent%22%2F%3E%3C%2Fsvg%3E\" alt=\"\" class=\"wp-image-39098\" title=\"\"><figcaption class=\"wp-element-caption\"><em>Indgangen til Cinecitt\u00e0 p\u00e5 et foto af ihortal.es<\/em><\/figcaption><\/figure>\n\n\n\n<p>M\u00e5ske var det mest ber\u00f8mt, at det var en Hollywood-film, der katapulterede ham til international ber\u00f8mmelse: 1980'ernes&nbsp;<em>Amerikansk Gigolo<\/em>. Giorgio kl\u00e6dte personligt Richard Gere p\u00e5 i en nu ikonisk Armani-garderobe - let draperede jakker, opknappede skjorter - og pludselig ville hele verden have det suave Roman Holiday-m\u00f8der-Beverly Hills-look. Fra da af var Armani fast inventar inden for kostumedesign og samarbejdede med film fra&nbsp;<strong>De ur\u00f8rlige<\/strong>&nbsp;til&nbsp;<strong>Gattaca<\/strong>og styler en Who's Who af skuespillere uden for l\u00e6rredet. I Roms Cinecitt\u00e0-sale blev han behandlet som en af cineasterne. <\/p>\n\n\n\n<p>Men en af de mest \u00f8mme historier, der forbinder Armani med Rom, kom sent i hans liv: som 90-\u00e5rig, <a href=\"https:\/\/graziamagazine.com\/articles\/giorgio-armani-on-his-love-of-cinema\/\" target=\"_blank\" rel=\"noopener\">i et interview med Grazia<\/a>Han sammenlignede sig selv med en orkesterdirigent, der altid udforskede nye variationer over velkendte temaer - m\u00e5ske et nik til, hvordan han s\u00e5 mode og film som parallelle kunstarter. P\u00e5 Roms r\u00f8de l\u00f8bere gled Gina Lollobrigida og Sophia Loren i hans kjoler; i Cinecitt\u00e0 absorberede han den magi, der gav n\u00e6ring til hans fantasi. Giorgio Armani var m\u00e5ske nok adopteret fra Milano, men han var romer i hjertet i sin k\u00e6rlighed til store historier og filmisk elegance.<\/p>\n\n\n\n<h2 class=\"wp-block-heading\"><strong>Venedig: Elegance p\u00e5 verdens scene<\/strong><\/h2>\n\n\n\n<p>Det er sv\u00e6rt at komme i tanke om <a href=\"https:\/\/magictowns.it\/da\/by\/venezia-veneto-italien\/\" data-type=\"town\" data-id=\"23823\">Venedig<\/a> - overd\u00e5dige, romantiske, glitrende Venedig - uden at forestille sig Armanis elegante tilstedev\u00e6relse der. Han var stamg\u00e6st p\u00e5 <a class=\"wpil_keyword_link\" href=\"https:\/\/magictowns.it\/da\/by\/venezia-veneto-italien\/\" title=\"Venedig\" data-wpil-keyword-link=\"linked\" data-wpil-monitor-id=\"655\">Venedig<\/a> Filmfestival, hvor Lidos r\u00f8de l\u00f8bere hvert \u00e5r prydes af stjerner if\u00f8rt hans kreationer. Armani havde en s\u00e6rlig fork\u00e6rlighed for st\u00e6rke, yndefulde skuespillerinder, og de for ham. Cate Blanchett har for eksempel valgt Armani til utallige premierer; han beundrede hende og Oscar-vinderen Nicole Kidman som legemligg\u00f8relser af hans idealer og sagde, at deres \"ekstreme charme og personlighed\" perfekt afspejler \u00e5nden i hans m\u00e6rke.<\/p>\n\n\n\n<figure class=\"wp-block-image size-full\"><img decoding=async data-opt-id=364301966  data-opt-src=\"https:\/\/ml4ds5noqxtv.i.optimole.com\/w:auto\/h:auto\/q:mauto\/g:sm\/f:best\/https:\/\/magictowns.it\/wp-content\/uploads\/2025\/09\/Palazzo_del_Cinema_Venezia_2021_1.jpg\"  src=\"data:image/svg+xml,%3Csvg%20viewBox%3D%220%200%20100%%20100%%22%20width%3D%22100%%22%20height%3D%22100%%22%20xmlns%3D%22http%3A%2F%2Fwww.w3.org%2F2000%2Fsvg%22%3E%3Crect%20width%3D%22100%%22%20height%3D%22100%%22%20fill%3D%22transparent%22%2F%3E%3C%2Fsvg%3E\" alt=\"\" class=\"wp-image-39099\" title=\"\"><figcaption class=\"wp-element-caption\"><em>Palazzo del Cinema i Venedig<\/em><\/figcaption><\/figure>\n\n\n\n<p>Venedig satte pris p\u00e5 den slags tidl\u00f8s stil. Til geng\u00e6ld brugte Armani ofte byen som kulisse for store \u00f8jeblikke. I 1990 arrangerede han et legendarisk modeshow i Teatro Fenice, og i \u00e5renes l\u00f8b sponsorerede han kunstudstillinger og gallamiddage i venetianske palazzi. Selv da trends kom og gik, forblev han mesteren i underspillet glamour - en kvalitet, der er meget synkroniseret med Venedigs egen falmede storhed og modstandsdygtighed. Faktisk valgte Giorgio Armani i sin sidste handling i f\u00e6llesskab med byen Venedig til at afsl\u00f8re et af sine mest personlige projekter. <\/p>\n\n\n\n<p>Kun f\u00e5 dage f\u00f8r sin d\u00f8d i 2025 lancerede han&nbsp;<strong>Armani\/Archivio<\/strong>et digitalt arkivmuseum med 50 \u00e5rs arbejde. Det var et gribende \u00f8jeblik, hvor cirklen blev sluttet: Den unge dreng, der engang beundrede filmstjerner, sluttede sin rejse ved at bevare sin arv midt i en festival, der fejrede kunst og film. P\u00e5 festivalens \u00e5bningsaften, hvor lysene fra Palazzo del Cinema reflekteredes i Adriaterhavet, bem\u00e6rkede mange den tomme stol, hvor Giorgio Armani typisk sad.<\/p>\n\n\n\n<h2 class=\"wp-block-heading\"><strong>Pantelleria: Ensomhed, ild og refleksion<\/strong><\/h2>\n\n\n\n<p>I skarp kontrast til Venedigs sociale virvar fandt Giorgio Armani tilflugt p\u00e5 den afsidesliggende \u00f8 Pantelleria. I over fyrre \u00e5r var Pantelleria - en lille vulkansk prik mellem Sicilien og Tunesien - hans private fristed. Her var Armani ikke modekejser eller v\u00e6rt for kendisgallaer; han var bare Giorgio, en tilfreds \u00f8boer, der passede sin have i h\u00f8rskjorter og sandaler. <\/p>\n\n\n\n<p>Han opdagede Pantelleria i begyndelsen af 1980'erne og k\u00f8bte karakteristisk nok en klynge af gamle, smuldrende huse.&nbsp;<strong>dammusi<\/strong>&nbsp;(traditionelle stenhuse) for at renovere dem i sin egen stil. Resultatet blev et dr\u00f8mmested i Cala Gadir: syv lave, hvide dammusi mellem 200 palmer, citrusplantager og en vinmark, hvor han producerede en s\u00f8d passito-vin ved navn \"Oasi\". Han beskrev, hvordan han kiggede op p\u00e5 Pantellerias klare nattehimmel og f\u00f8lte \"en ren stilhed\", som genopladede hans sj\u00e6l.<\/p>\n\n\n\n<figure class=\"wp-block-image size-full\"><img decoding=async data-opt-id=115066034  data-opt-src=\"https:\/\/ml4ds5noqxtv.i.optimole.com\/w:auto\/h:auto\/q:mauto\/g:sm\/f:best\/https:\/\/magictowns.it\/wp-content\/uploads\/2025\/09\/bay-of-gadir-in-pantelleria.jpg\"  src=\"data:image/svg+xml,%3Csvg%20viewBox%3D%220%200%20100%%20100%%22%20width%3D%22100%%22%20height%3D%22100%%22%20xmlns%3D%22http%3A%2F%2Fwww.w3.org%2F2000%2Fsvg%22%3E%3Crect%20width%3D%22100%%22%20height%3D%22100%%22%20fill%3D%22transparent%22%2F%3E%3C%2Fsvg%3E\" alt=\"\" class=\"wp-image-39100\" title=\"\"><figcaption class=\"wp-element-caption\"><em>Udsigt over Gadir-bugten i Pantelleria, hvor Armanis sommerhus ligger.<\/em><\/figcaption><\/figure>\n\n\n\n<p>Pantelleria bragte ogs\u00e5 Armanis eventyrlystne, jordn\u00e6re side frem. De lokale kunne se ham k\u00f8re i sin Jeep p\u00e5 st\u00f8vede veje eller forhandle med fiskerne om dagens fangst i havnen.&nbsp;<em>\"Jeg er kommet p\u00e5 denne \u00f8 i \u00e5rtier, jeg f\u00f8ler mig som en borger af den\".<\/em>&nbsp;skrev han til Pantellerias borgmester i 2022 og roste befolkningens \"unikke, levende menneskelige kvalitet\". <\/p>\n\n\n\n<p>Det \u00e5r satte Pantelleria hans k\u00e6rlighed p\u00e5 pr\u00f8ve: I august 2022 udbr\u00f8d der en voldsom skovbrand, som truede huse p\u00e5 hele \u00f8en. Armani var i sin villa den aften og var en af de f\u00f8rste til at se det r\u00f8de sk\u00e6r fra flammerne i det fjerne. Han slog alarm og hjalp med at evakuere naboer og venner. I kaosset flygtede han og hans g\u00e6ster i bil til havnen og om bord p\u00e5 hans b\u00e5d for at komme i sikkerhed. I en ansp\u00e6ndt periode kunne ingen finde Giorgio - indtil han dukkede op igen, sodsv\u00e6rtet, men rolig. F\u00f8rst senere indr\u00f8mmede han, at han var skyndt sig tilbage til villaen for at hente noget: ikke kontanter eller juveler, men en elsket diamantring, som han havde f\u00e5et af sin mange\u00e5rige ven Leo Dell'Orco.&nbsp;<em>\"Her er det,\"<\/em>&nbsp;<a href=\"https:\/\/www.corriere.it\/cronache\/24_ottobre_13\/giorgio-armani-intervista-64f67122-8ed8-4171-8075-b9c96bd3fxlk.shtml\" target=\"_blank\" rel=\"noopener\">sagde han bagefter.<\/a>og viser ringen p\u00e5 sin finger.&nbsp;<em>\"Leo gav mig den, og jeg var n\u00f8dt til at redde den\"<\/em>. <\/p>\n\n\n\n<p>Det var en klassisk Armani-gestus - at v\u00e6rds\u00e6tte loyalitet og k\u00e6rlighed frem for genstande, selv i en krise. Heldigvis reddede brandm\u00e6ndene hans dammusi og \u00f8ens vinmarker, og Armani donerede straks gener\u00f8st for at hj\u00e6lpe Pantelleria med at komme p\u00e5 fode igen. I m\u00e5nederne efter tilbragte han mere tid end nogensinde p\u00e5 \u00f8en og n\u00f8d dens helbredende ro. Naboerne siger, at han tog sine morgensv\u00f8mninger i de turkisbl\u00e5 bugter og elskede at v\u00e6re v\u00e6rt for enkle middage med spaghetti alle vongole under stjernerne. <\/p>\n\n\n\n<p>Pantelleria var stedet, hvor Giorgio Armani kunne fjerne verdens forventninger og bare...&nbsp;<em>v\u00e6re<\/em>. Det var ogs\u00e5 her, han tilbragte nogle af sine sidste sommerdage. I dette barske paradis, midt i stilhed og havbriser, var den legendariske designer simpelthen en mand i fred - reflekterende, privat og omgivet af den naturlige sk\u00f8nhed, han v\u00e6rdsatte.<\/p>\n\n\n\n<hr class=\"wp-block-separator has-alpha-channel-opacity\"\/>\n\n\n\n<p>P\u00e5 hvert af disse steder -&nbsp;<strong>Piacenza, Misano Adriatico, Milano, Rom, Venedig,<\/strong>&nbsp;og&nbsp;<strong>Pantelleria<\/strong>&nbsp;- Giorgio Armani efterlod et aftryk, der er lige s\u00e5 uudsletteligt som det, de efterlod p\u00e5 ham. Hans rejse kan l\u00e6ses som en geografisk selvbiografi: en konstellation af italienske byer, der tilsammen har dannet grundlaget for hans liv. Fra en barndom, hvor han jagtede ildfluer ved Po-floden, til global ber\u00f8mmelse i Milanos spotlys; fra ung k\u00e6rlighed p\u00e5 en strand ved Adriaterhavet til st\u00e5ende ovationer i Venedig; fra filmdr\u00f8mme i Rom til kontemplative solnedgange p\u00e5 en lille \u00f8 - Giorgio Armanis historie var v\u00e6vet ind i selve kortet over Italien. <\/p>\n\r\n\t\t\t<div id=\"daexthefu-container\"\r\n\t\t\t\tclass=\"daexthefu-container daexthefu-layout-side-by-side daexthefu-alignment-center\"\r\n\t\t\t\tdata-post-id=\"39094\">\r\n\r\n\t\t\t\t<div class=\"daexthefu-feedback\">\r\n\t\t\t\t\t<div class=\"daexthefu-text\">\r\n\t\t\t\t\t\t<h3 class=\"daexthefu-title\">Var dette en hj\u00e6lp?<\/h3>\r\n\t\t\t\t\t<\/div>\r\n\t\t\t\t\t<div class=\"daexthefu-buttons-container\">\r\n\t\t\t\t\t\t<div class=\"daexthefu-buttons\">\r\n\t\t\t\t\t\t\t\r\n\t\t\t<div class=\"daexthefu-yes daexthefu-button daexthefu-button-type-text\" data-value=\"1\">\r\n\t\t\t\t<div class=\"daexthefu-button-text\">\u2705 Ja<\/div>\r\n\t\t\t<\/div>\r\n\r\n\t\t\t\t\t\t\t\t\t\t\r\n\t\t\t<div class=\"daexthefu-no daexthefu-button daexthefu-button-type-text\" data-value=\"0\">\r\n\t\t\t\t<div class=\"daexthefu-button-text\">\u274c Nej<\/div>\r\n\t\t\t<\/div>\r\n\r\n\t\t\t\t\t\t\t\t\t<\/div>\r\n\t\t\t\t\t<\/div>\r\n\t\t\t\t<\/div>\r\n\r\n\t\t\t\t<div class=\"daexthefu-comment\">\r\n\t\t\t\t\t<div class=\"daexthefu-comment-top-container\">\r\n\t\t\t\t\t\t<label id=\"daexthefu-comment-label\" class=\"daexthefu-comment-label\"><\/label>\r\n\t\t\t\t\t\t\t\t\t\t\t\t\t<div class=\"daexthefu-comment-character-counter-container\">\r\n\t\t\t\t\t\t\t\t<div id=\"daexthefu-comment-character-counter-number\"\r\n\t\t\t\t\t\t\t\t\tclass=\"daexthefu-comment-character-counter-number\"><\/div>\r\n\t\t\t\t\t\t\t\t<div class=\"daexthefu-comment-character-counter-text\"><\/div>\r\n\t\t\t\t\t\t\t<\/div>\r\n\t\t\t\t\t\t\t\t\t\t\t<\/div>\r\n\t\t\t\t\t<textarea id=\"daexthefu-comment-textarea\" class=\"daexthefu-comment-textarea\"\r\n\t\t\t\t\t\t\t\tplaceholder=\"Skriv din besked\"\r\n\t\t\t\t\t\t\t\tmaxlength=\"\t\t\t\t\t\t\t\t400\t\t\t\t\t\t\t\t\t\"><\/textarea>\r\n\t\t\t\t\t<div class=\"daexthefu-comment-buttons-container\">\r\n\t\t\t\t\t\t<button class=\"daexthefu-comment-submit daexthefu-button\">Indsend<\/button>\r\n\t\t\t\t\t\t<button class=\"daexthefu-comment-cancel daexthefu-button\">Annuller<\/button>\r\n\t\t\t\t\t<\/div>\r\n\t\t\t\t<\/div>\r\n\r\n\t\t\t\t<div class=\"daexthefu-successful-submission-text\">Tak for din feedback!<\/div>\r\n\r\n\t\t\t<\/div>","protected":false},"excerpt":{"rendered":"<p>Giorgio Armani, indbegrebet af stille elegance, er d\u00f8d i en alder af 91 \u00e5r. Rejs gennem de italienske byer, der formede hans liv, fra Piacenza til Milano.<\/p>","protected":false},"author":6,"featured_media":39095,"comment_status":"closed","ping_status":"open","sticky":false,"template":"single-fullwidth.php","format":"standard","meta":{"_acf_changed":false,"_helpful_status":1,"sync_status":"","episode_type":"","audio_file":"","podmotor_file_id":"","podmotor_episode_id":"","castos_file_data":"","cover_image":"","cover_image_id":"","duration":"","filesize":"","filesize_raw":"","date_recorded":"","explicit":"","block":"","itunes_episode_number":"","itunes_title":"","itunes_season_number":"","itunes_episode_type":"","footnotes":""},"categories":[32,1323],"tags":[1307,1308,1310,1309,1311,1312],"class_list":{"0":"post-39094","1":"post","2":"type-post","3":"status-publish","4":"format-standard","5":"has-post-thumbnail","7":"category-culture","8":"category-how-italy-works","9":"tag-giorgio-armani","10":"tag-milan","11":"tag-pantelleria","12":"tag-piacenza","13":"tag-rimini","14":"tag-venice"},"acf":[],"menu_order":0,"_links":{"self":[{"href":"https:\/\/magictowns.it\/da\/wp-json\/wp\/v2\/posts\/39094","targetHints":{"allow":["GET"]}}],"collection":[{"href":"https:\/\/magictowns.it\/da\/wp-json\/wp\/v2\/posts"}],"about":[{"href":"https:\/\/magictowns.it\/da\/wp-json\/wp\/v2\/types\/post"}],"author":[{"embeddable":true,"href":"https:\/\/magictowns.it\/da\/wp-json\/wp\/v2\/users\/6"}],"replies":[{"embeddable":true,"href":"https:\/\/magictowns.it\/da\/wp-json\/wp\/v2\/comments?post=39094"}],"version-history":[{"count":4,"href":"https:\/\/magictowns.it\/da\/wp-json\/wp\/v2\/posts\/39094\/revisions"}],"predecessor-version":[{"id":39450,"href":"https:\/\/magictowns.it\/da\/wp-json\/wp\/v2\/posts\/39094\/revisions\/39450"}],"wp:featuredmedia":[{"embeddable":true,"href":"https:\/\/magictowns.it\/da\/wp-json\/wp\/v2\/media\/39095"}],"wp:attachment":[{"href":"https:\/\/magictowns.it\/da\/wp-json\/wp\/v2\/media?parent=39094"}],"wp:term":[{"taxonomy":"category","embeddable":true,"href":"https:\/\/magictowns.it\/da\/wp-json\/wp\/v2\/categories?post=39094"},{"taxonomy":"post_tag","embeddable":true,"href":"https:\/\/magictowns.it\/da\/wp-json\/wp\/v2\/tags?post=39094"}],"curies":[{"name":"wp","href":"https:\/\/api.w.org\/{rel}","templated":true}]}}