{"id":22364,"date":"2024-08-30T12:40:09","date_gmt":"2024-08-30T10:40:09","guid":{"rendered":"https:\/\/magictowns.it\/?p=22364"},"modified":"2026-03-05T11:37:45","modified_gmt":"2026-03-05T10:37:45","slug":"venetos-historie-fra-1950erne-og-frem-gennem-vigtige-begivenheder","status":"publish","type":"post","link":"https:\/\/magictowns.it\/da\/the-history-of-veneto-from-the-1950s-onwards-through-key-events\/","title":{"rendered":"Venetos historie fra 1950'erne og frem gennem vigtige begivenheder"},"content":{"rendered":"<p>Perioden efter Anden Verdenskrig markerede en transformativ \u00e6ra for Italien, kendt som det italienske \u00f8konomiske mirakel. Ligesom mange andre lande stod Italien over for den enorme udfordring at genopbygge en nation, der var p\u00e5virket af mange \u00e5rs konflikt og \u00f8del\u00e6ggelse. De tre \u00e5r efter krigen afgjorde landets fremtidige kurs.<\/p>\n\n\n\n<p>Italiens bem\u00e6rkelsesv\u00e6rdige \u00f8konomiske genopblomstring var et af de mest betydningsfulde resultater af denne \u00e6ra. Indsatsen for at genoprette og modernisere \u00f8konomien var is\u00e6r koncentreret i de nordlige regioner i den s\u00e5kaldte industrielle trekant. Dette skub i retning af industrialisering og innovation f\u00f8rte til et dramatisk \u00f8konomisk boom og omformede Italiens plads p\u00e5 den internationale scene.<\/p>\n\n\n\n<p>I de f\u00f8lgende afsnit kan du l\u00e6re mere om de centrale elementer og personer, der drev Italiens genopbygning og \u00f8konomiske v\u00e6kst i efterkrigstiden og formede landets moderne identitet.<\/p>\n\n\n\n<h2 class=\"wp-block-heading\">1950-60s: Genopbygning efter krigen og \u00f8konomisk v\u00e6kst&nbsp;&nbsp;&nbsp;<\/h2>\n\n\n\n<p>I k\u00f8lvandet p\u00e5 Anden Verdenskrig blev det tydeligt, at Veneto var fast besluttet p\u00e5 at genopbygge og blomstre. 1950'erne og 1960'erne markerede et vendepunkt for regionen, som skiftede fra sin landbrugsfortid til en ny \u00e6ra med industrialisering.<\/p>\n\n\n\n<p>Denne markante \u00e6ndring blev ledsaget af andre store forandringer, som f.eks. tilstedev\u00e6relsen af fabrikker i hele regionen, der fuldst\u00e6ndig \u00e6ndrede den m\u00e5de, folk tjente deres penge p\u00e5. Industrier som tekstiler, maskiner og kemikalier kom i centrum, og Venetos \u00f8konomi begyndte langsomt, men sikkert at blive drevet frem.<\/p>\n\n\n\n<p>Denne periode med hurtig industriel ekspansion p\u00e5virkede ogs\u00e5 det sociale og kulturelle liv. Familier, der tidligere havde levet af landbrug, blev tiltrukket af byerne i jagten p\u00e5 jobmuligheder i den spirende industrisektor. Denne migration begyndte til sidst at omforme Veneto-samfundene, og regionen begyndte at udvikle sig mere.<\/p>\n\n\n\n<p>Under fremgang og transformation dukkede ikoniske virksomheder som Benetton, Campagnolo og Luxottica op som pionerer og startede den iv\u00e6rks\u00e6tter\u00e5nd, der definerede Venetos opstigning. Deres succeshistorier blev forbundet med regionens historie og symboliserede \u00f8konomisk velstand og befolkningens modstandsdygtighed og kreativitet.<\/p>\n\n\n\n<h2 class=\"wp-block-heading\">Oversv\u00f8mmelser i 1951<\/h2>\n\n\n\n<p>1951 markerede en af Italiens mest \u00f8del\u00e6ggende naturkatastrofer med kraftig regn, der faldt i m\u00e5nedsvis i de nord-centrale, sydlige og \u00f8-omr\u00e5der. Po, landets l\u00e6ngste flod, svulmede st\u00f8t op og br\u00f8d igennem digerne. Det utilstr\u00e6kkelige forsvar mod oversv\u00f8mmelser blev tydeligt, da flodens udmunding ikke kunne rumme de stigende vandmasser effektivt.<\/p>\n\n\n\n<p>Vandmasserne v\u00e6ltede ind i Polesine-regionen, hvor de kostede 84 mennesker livet og gjorde 180.000 hjeml\u00f8se. \u00c5rtiers fors\u00f8mmelse af jordbevarelse, skovrydning og d\u00e5rlig vedligeholdelse af diger havde skabt grobund for katastrofen.<\/p>\n\n\n\n<h2 class=\"wp-block-heading\">1963 Vajont-d\u00e6mningens katastrofe<\/h2>\n\n\n\n<p>Vajont Dam-katastrofen den 9. oktober 1963 var endnu en tragisk begivenhed i det nord\u00f8stlige Italien. Et massivt jordskred fra Monte Toc styrtede ned i Vajont-d\u00e6mningens reservoir, fortr\u00e6ngte 260 millioner kubikmeter vand og skabte en over 250 meter h\u00f8j b\u00f8lge. B\u00f8lgen skyllede ind over d\u00e6mningen, for\u00e5rsagede katastrofale oversv\u00f8mmelser og \u00f8delagde flere byer, bl.a. <a class=\"wpil_keyword_link\" href=\"https:\/\/magictowns.it\/da\/by\/longarone-veneto-italy\/\"   title=\"Longarone\" data-wpil-keyword-link=\"linked\"  data-wpil-monitor-id=\"2349\">Longarone<\/a>, Det resulterede i n\u00e6sten 2.000 d\u00f8dsfald.<\/p>\n\n\n\n<p>Unders\u00f8gelser afsl\u00f8rede, at advarsler om Monte Tocs ustabilitet var blevet ignoreret. Vajont-d\u00e6mningskatastrofen f\u00f8rte til \u00e6ndringer i politikken for at forhindre fremtidige tragedier og understregede vigtigheden af at lytte til videnskabelig ekspertise i ingeni\u00f8rprojekter.<\/p>\n\n\n\n<h2 class=\"wp-block-heading\">Red Venedig-bev\u00e6gelsen<\/h2>\n\n\n\n<p>Gemme <a class=\"wpil_keyword_link\" href=\"https:\/\/magictowns.it\/da\/by\/venezia-veneto-italien\/\"   title=\"Venedig\" data-wpil-keyword-link=\"linked\"  data-wpil-monitor-id=\"2348\">Venedig<\/a> Bev\u00e6gelsen startede i 1960'erne som en reaktion p\u00e5 det presserende behov for at beskytte Venedigs kulturarv mod stigende vandstand og forureningstrusler. Byens ikoniske bygninger risikerede at blive beskadiget og forringet, hvilket gav bev\u00e6gelsen international opm\u00e6rksomhed og st\u00f8tte.<\/p>\n\n\n\n<p>Den f\u00e6lles bevidsthed blev omsat til betydelige midler til restaureringsprojekter for at bevare Venedigs unikke arkitektoniske og kunstneriske skatte.&nbsp;<\/p>\n\n\n\n<p>I dag er Save Venice Movement et st\u00e6rkt element i den kollektive indsats for at beskytte kulturarven for fremtidige generationer p\u00e5 trods af udfordringerne i en verden i konstant forandring.<\/p>\n\n\n\n<h2 class=\"wp-block-heading\">1970s: Sociopolitiske bev\u00e6gelser og kulturelle begivenheder<\/h2>\n\n\n\n<h3 class=\"wp-block-heading\">Selvst\u00e6ndighedsbev\u00e6gelser<\/h3>\n\n\n\n<p>I 1970'erne begyndte sociopolitiske bev\u00e6gelser og kulturelle begivenheder at forme de italienske regioners st\u00f8tte til st\u00f8rre selvst\u00e6ndighed. Man s\u00e5 en stigning i regionalismen med bev\u00e6gelser som<a href=\"https:\/\/en.wikipedia.org\/wiki\/Liga_Veneta\" target=\"_blank\" rel=\"noopener\"> Liga Veneta<\/a> og st\u00f8ttede selvstyre og kulturel bevarelse. Disse bev\u00e6gelser satte gang i debatter om balancen mellem regionale identiteter og national enhed og lagde grunden til betydelige politiske forandringer i de f\u00f8lgende \u00e5rtier.<\/p>\n\n\n\n<h3 class=\"wp-block-heading\">Venedig-biennalen<\/h3>\n\n\n\n<p>Biennalen i 1972 var et skels\u00e6ttende \u00f8jeblik, hvor avantgardekunstnere som Joseph Beuys og Marcel Broodthaers udfordrede konventionelle opfattelser af kunst, flyttede gr\u00e6nser og omdefinerede det kunstneriske udtryk. Deres dristige bidrag vitaliserede biennalen og placerede den som en global leder inden for fremme af banebrydende samtidskunst, hvilket yderligere styrkede Venedigs status som et kulturelt epicenter.<\/p>\n\n\n\n<h3 class=\"wp-block-heading\">Filmfestivalen i Venedig<\/h3>\n\n\n\n<p>Sidel\u00f8bende med kunstverdenen blomstrede filmfestivalen i Venedig i 1970'erne og tiltrak kendte filmskabere og filminteresserede fra hele verden. Anerkendte instrukt\u00f8rer som Federico Fellini og Ingmar Bergman be\u00e6rede festivalen med deres tilstedev\u00e6relse, hvilket gav begivenheden mere prestige.<\/p>\n\n\n\n<p>Bem\u00e6rkelsesv\u00e6rdige film som Fellinis \"Amarcord\" og Bergmans \"Scener fra et \u00e6gteskab\" fangede b\u00e5de publikum og kritikere og bidrog til festivalens arv.<\/p>\n\n\n\n<h2 class=\"wp-block-heading\">1980'erne: \u00d8konomisk recession og opsving<\/h2>\n\n\n\n<p>1980'erne var en turbulent periode for Italien, pr\u00e6get af \u00f8konomisk recession og efterf\u00f8lgende bestr\u00e6belser p\u00e5 at komme p\u00e5 fode igen. P\u00e5 baggrund af udfordringerne i det foreg\u00e5ende \u00e5rti oplevede man i de f\u00f8rste \u00e5r en stigende arbejdsl\u00f8shed, som blev forv\u00e6rret af virkningerne af 1970'ernes recession.<\/p>\n\n\n\n<p>S\u00e6rligt mindev\u00e6rdige var strejkerne og protesterne fra kemiarbejderne p\u00e5 fabrikkerne i Marghera, der ligger lige uden for Venedig. Disse demonstrationer understregede de \u00f8konomiske vanskeligheder, som industriarbejderne st\u00e5r over for, og fremh\u00e6vede det presserende behov for foranstaltninger.<\/p>\n\n\n\n<p>Som svar p\u00e5 den \u00f8konomiske nedtur fokuserede genopretningsindsatsen i 1980'erne p\u00e5 industriel diversificering og udvidelse af servicesektoren. Politikerne fors\u00f8gte at fremme innovation og investeringer i nye sektorer.<\/p>\n\n\n\n<h2 class=\"wp-block-heading\">1982 Venedigs internationale filmfestival<\/h2>\n\n\n\n<p>Blandt disse \u00f8konomiske udfordringer og genopretningsbestr\u00e6belser forblev Venedigs internationale filmfestival et h\u00e5b om kulturel fremtr\u00e6dende plads og international anerkendelse. Is\u00e6r 1982-udgaven af festivalen fangede global opm\u00e6rksomhed med visningen af \"<a href=\"https:\/\/m.imdb.com\/list\/ls079589206\/\" target=\"_blank\" rel=\"noopener\">Blade Runner<\/a>\", en banebrydende science fiction-film instrueret af Ridley Scott og med Harrison Ford i hovedrollen.<\/p>\n\n\n\n<h2 class=\"wp-block-heading\">1990s: Tanko-h\u00e6ndelsen og politiske skift<\/h2>\n\n\n\n<p>1990'erne i Veneto, Italien, var pr\u00e6get af begivenheder, der afspejlede politisk uro og \u00e6ndringer i den regionale dynamik. En af disse begivenheder var det berygtede 1997<a href=\"https:\/\/commons.wikimedia.org\/wiki\/File:Tanko1.jpg\" target=\"_blank\" rel=\"noopener\"> Tanko-h\u00e6ndelsen<\/a>, som skabte international opm\u00e6rksomhed om separatistiske bev\u00e6gelser i Norditalien. I en dramatisk opvisning k\u00f8rte en gruppe venetianske separatister et hjemmelavet pansret k\u00f8ret\u00f8j ind p\u00e5 den ikoniske Markusplads i et fors\u00f8g p\u00e5 at erkl\u00e6re uafh\u00e6ngighed. Denne dristige handling skabte ikke kun overskrifter i hele verden, men understregede ogs\u00e5 sp\u00e6ndingerne og \u00f8nsket om selvst\u00e6ndighed i Veneto-regionen.<\/p>\n\n\n\n<h3 class=\"wp-block-heading\">Politiske skift<\/h3>\n\n\n\n<p>Venetos politiske aspekt oplevede betydelige \u00e6ndringer, som blev p\u00e5virket af fremkomsten af partiet Lega Nord. De gik ind for&nbsp;&nbsp;<\/p>\n\n\n\n<p>for regionalt selvstyre og f\u00f8deralisme, hvilket gav genlyd i Venetos befolkning. Partiets fremgang varslede en ny \u00e6ra i den politiske diskurs i Veneto. Den var pr\u00e6get af krav om st\u00f8rre selvbestemmelse og uddelegering af bef\u00f8jelser fra den nationale regering til de regionale myndigheder.<\/p>\n\n\n\n<h2 class=\"wp-block-heading\">2000s: Milj\u00f8- og kulturbevarelse<\/h2>\n\n\n\n<p>I 2000'erne kom der fornyet fokus p\u00e5 milj\u00f8- og kulturbevarelse i Venedig i Italien. Byen stod over for udfordringerne med stigende havniveauer og n\u00f8dvendigheden af at beskytte sin rige kunstneriske arv.<\/p>\n\n\n\n<p>I 2002 blev Venedig ramt af alvorlige oversv\u00f8mmelser, og der opstod bekymring for, om byen kunne blive oversv\u00f8mmet af Adriaterhavet. Som reaktion herp\u00e5 blev der iv\u00e6rksat en intensiveret indsats for at beskytte Venedig mod fremtidige oversv\u00f8mmelser, hvilket kulminerede med igangs\u00e6ttelsen af<a href=\"https:\/\/www.mosevenezia.eu\/project?lang=en\" target=\"_blank\" rel=\"noopener\"> MOSE-projektet<\/a>. (L\u00e6s mere om det i afsnittene nedenfor). Dette enorme projekt havde til form\u00e5l at konstruere et system af mobile oversv\u00f8mmelsesbarrierer for at undg\u00e5 virkningerne af h\u00f8jvande og stormfloder.<\/p>\n\n\n\n<h3 class=\"wp-block-heading\">Biennalen og filmfestivalen i Venedig<\/h3>\n\n\n\n<p>Den<a href=\"https:\/\/www.labiennale.org\/en\" target=\"_blank\" rel=\"noopener\"> Venedig-biennalen<\/a> og filmfestivalen fortsatte med at betage publikum over hele verden. De fungerede som f\u00f8rende platforme for visning af moderne kunst og film.<\/p>\n\n\n\n<p>I 2003 pr\u00e6senterede biennalen v\u00e6rker af anerkendte kunstnere som Olafur Eliasson, hvis installationer udfordrede opfattelsen af rum og lys. P\u00e5 samme m\u00e5de var filmfestivalen i Venedig i 2004 vidne til premieren p\u00e5 anmelderroste film som \"Brokeback Mountain\".<\/p>\n\n\n\n<h2 class=\"wp-block-heading\">2010s: Infrastruktur og milj\u00f8m\u00e6ssige udfordringer<\/h2>\n\n\n\n<p>2010'erne b\u00f8d p\u00e5 en blanding af infrastrukturudvikling, politiske bev\u00e6gelser og milj\u00f8m\u00e6ssige udfordringer, som formede fremtiden for Venedig og den omkringliggende region.<\/p>\n\n\n\n<p>En af de mest betydningsfulde begivenheder var den delvise aktivering og f\u00e6rdigg\u00f8relse af<a href=\"https:\/\/www.mosevenezia.eu\/project?lang=en\" target=\"_blank\" rel=\"noopener\"> MOSE-projektet<\/a>, som repr\u00e6senterede byens indsats for at bek\u00e6mpe oversv\u00f8mmelser. Dette ambiti\u00f8se projekt, der havde til form\u00e5l at etablere et system af oversv\u00f8mmelsesbarrierer, markerede et vigtigt skridt i retning af at beskytte Venedig mod stigende havniveauer og tilbagevendende h\u00f8jvande, der truer byens eksistens.<\/p>\n\n\n\n<h2 class=\"wp-block-heading\">Folkeafstemning om uafh\u00e6ngighed i 2014<\/h2>\n\n\n\n<p>I 2014 var regionen vidne til en anden bem\u00e6rkelsesv\u00e6rdig begivenhed: en folkeafstemning om uafh\u00e6ngighed. Selv om den var uofficiel, st\u00f8ttede online-folkeafstemningen Venetiens uafh\u00e6ngighed af Italien. Selvom resultatet ikke f\u00f8rte til umiddelbare politiske \u00e6ndringer, tjente det som en p\u00e5mindelse om de konstante krav om st\u00f8rre autonomi og selvbestemmelse i Veneto.<\/p>\n\n\n\n<h2 class=\"wp-block-heading\">Oversv\u00f8mmelse i Venedig 2019<\/h2>\n\n\n\n<p>Men p\u00e5 trods af disse politiske bev\u00e6gelser og infrastrukturelle fremskridt stod Venedig fortsat over for milj\u00f8m\u00e6ssige udfordringer, som f.eks. oversv\u00f8mmelserne i 2019. Oversv\u00f8mmelserne for\u00e5rsagede omfattende skader p\u00e5 byens infrastruktur, kulturarv og \u00f8konomi. Denne katastrofale begivenhed gjorde det presserende at tage fat p\u00e5 konsekvenserne af klimaforandringerne og styrke modstandsdygtigheden for at beskytte Venedig og dens indbyggere mod fremtidige ulykker.<\/p>\n\n\n\n<h2 class=\"wp-block-heading\">2020s: COVID-19-pandemi og \u00f8konomisk p\u00e5virkning<\/h2>\n\n\n\n<h3 class=\"wp-block-heading\">COVID-19 P\u00e5virkning<\/h3>\n\n\n\n<p>Udbruddet af COVID-19-pandemien i 2020'erne medf\u00f8rte hidtil usete udfordringer for Venedig og de omkringliggende regioner og p\u00e5virkede b\u00e5de den lokale \u00f8konomi og indbyggernes dagligdag. Da der blev indf\u00f8rt rejserestriktioner og nedlukningsforanstaltninger over hele verden, oplevede Venedig, der er st\u00e6rkt afh\u00e6ngig af turisme, et dramatisk fald i antallet af bes\u00f8gende. Det f\u00f8rte til en n\u00e6sten total stilstand i den \u00f8konomiske aktivitet.<\/p>\n\n\n\n<p>Desuden stod Veneto-regionen over for sine egne udfordringer under pandemien, med <a class=\"wpil_keyword_link\" href=\"https:\/\/magictowns.it\/da\/by\/vo-veneto-italien\/\" title=\"Vo&#039;\" data-wpil-keyword-link=\"linked\" data-wpil-monitor-id=\"2350\">Vo'<\/a> Euganeo n\u00e6r Padua blev et af de tidlige epicentre for epidemien i Europa.&nbsp;<\/p>\n\n\n\n<h2 class=\"wp-block-heading\">Bem\u00e6rkelsesv\u00e6rdige sociale bev\u00e6gelser og protester<\/h2>\n\n\n\n<h3 class=\"wp-block-heading\">\"Citat Latte\"-protester<\/h3>\n\n\n\n<p>\"Quote Latte\"-protesterne, der udfoldede sig i 2009 og 2010, repr\u00e6senterede en betydelig bev\u00e6gelse inden for landbruget, is\u00e6r blandt landm\u00e6nd i regioner som Veneto. Protesterne understregede de skadelige virkninger af s\u00e5danne politikker p\u00e5 landm\u00e6ndenes liv og de regionale \u00f8konomier.<\/p>\n\n\n\n<p>Selve udtrykket \"Quote Latte\", som kan overs\u00e6ttes til \"M\u00e6lkekvoter\", blev symbolsk for landm\u00e6ndenes kamp mod bureaukratiske regler.<\/p>\n\n\n\n<p>Protesterne fik stor opm\u00e6rksomhed b\u00e5de nationalt og internationalt. Landm\u00e6nd gik p\u00e5 gaden og arrangerede demonstrationer og m\u00f8der for at give udtryk for deres klager og kr\u00e6ve reformer, der ville give st\u00f8rre fleksibilitet og st\u00f8tte til landbrugsproducenter. Bev\u00e6gelsen fungerede som en platform for kollektiv handling og satte gang i den offentlige debat om behovet for mere retf\u00e6rdige og b\u00e6redygtige landbrugsmetoder.<\/p>\n\n\n\n<h2 class=\"wp-block-heading\">Konklusion<\/h2>\n\n\n\n<p>I l\u00f8bet af de sidste syv \u00e5rtier er Veneto blevet p\u00e5virket af en r\u00e6kke vigtige begivenheder, der str\u00e6kker sig fra 1950'erne til i dag. Hver eneste af dem har sat sit pr\u00e6g p\u00e5 regionens sociale, politiske og kulturelle omr\u00e5der. De sociopolitiske bev\u00e6gelser, kulturelle begivenheder og \u00f8konomiske udfordringer, herunder selvst\u00e6ndighedsbev\u00e6gelser, Venedigbiennalen og \u00f8konomiske recessioner, har hver is\u00e6r bidraget til regionens udvikling.<\/p>\n\n\n\n<p>I det 21. \u00e5rhundrede har Veneto st\u00e5et over for nye udfordringer, herunder milj\u00f8trusler som oversv\u00f8mmelser, COVID-19-pandemien og socio-politiske bev\u00e6gelser for regional selvst\u00e6ndighed. P\u00e5 trods af disse udfordringer har regionen altid udvist en bem\u00e6rkelsesv\u00e6rdig styrke og tilpasningsevne.&nbsp;<\/p>\n\n\n\n<p>Dens historie og kultur er, og vil sandsynligvis altid v\u00e6re, en inspirationskilde, der leder regionen mod en mere b\u00e6redygtig og bedre fremtid.<\/p>\n\r\n\t\t\t<div id=\"daexthefu-container\"\r\n\t\t\t\tclass=\"daexthefu-container daexthefu-layout-side-by-side daexthefu-alignment-center\"\r\n\t\t\t\tdata-post-id=\"22364\">\r\n\r\n\t\t\t\t<div class=\"daexthefu-feedback\">\r\n\t\t\t\t\t<div class=\"daexthefu-text\">\r\n\t\t\t\t\t\t<h3 class=\"daexthefu-title\">Var dette en hj\u00e6lp?<\/h3>\r\n\t\t\t\t\t<\/div>\r\n\t\t\t\t\t<div class=\"daexthefu-buttons-container\">\r\n\t\t\t\t\t\t<div class=\"daexthefu-buttons\">\r\n\t\t\t\t\t\t\t\r\n\t\t\t<div class=\"daexthefu-yes daexthefu-button daexthefu-button-type-text\" data-value=\"1\">\r\n\t\t\t\t<div class=\"daexthefu-button-text\">\u2705 Ja<\/div>\r\n\t\t\t<\/div>\r\n\r\n\t\t\t\t\t\t\t\t\t\t\r\n\t\t\t<div class=\"daexthefu-no daexthefu-button daexthefu-button-type-text\" data-value=\"0\">\r\n\t\t\t\t<div class=\"daexthefu-button-text\">\u274c Nej<\/div>\r\n\t\t\t<\/div>\r\n\r\n\t\t\t\t\t\t\t\t\t<\/div>\r\n\t\t\t\t\t<\/div>\r\n\t\t\t\t<\/div>\r\n\r\n\t\t\t\t<div class=\"daexthefu-comment\">\r\n\t\t\t\t\t<div class=\"daexthefu-comment-top-container\">\r\n\t\t\t\t\t\t<label id=\"daexthefu-comment-label\" class=\"daexthefu-comment-label\"><\/label>\r\n\t\t\t\t\t\t\t\t\t\t\t\t\t<div class=\"daexthefu-comment-character-counter-container\">\r\n\t\t\t\t\t\t\t\t<div id=\"daexthefu-comment-character-counter-number\"\r\n\t\t\t\t\t\t\t\t\tclass=\"daexthefu-comment-character-counter-number\"><\/div>\r\n\t\t\t\t\t\t\t\t<div class=\"daexthefu-comment-character-counter-text\"><\/div>\r\n\t\t\t\t\t\t\t<\/div>\r\n\t\t\t\t\t\t\t\t\t\t\t<\/div>\r\n\t\t\t\t\t<textarea id=\"daexthefu-comment-textarea\" class=\"daexthefu-comment-textarea\"\r\n\t\t\t\t\t\t\t\tplaceholder=\"Skriv din besked\"\r\n\t\t\t\t\t\t\t\tmaxlength=\"\t\t\t\t\t\t\t\t400\t\t\t\t\t\t\t\t\t\"><\/textarea>\r\n\t\t\t\t\t<div class=\"daexthefu-comment-buttons-container\">\r\n\t\t\t\t\t\t<button class=\"daexthefu-comment-submit daexthefu-button\">Indsend<\/button>\r\n\t\t\t\t\t\t<button class=\"daexthefu-comment-cancel daexthefu-button\">Annuller<\/button>\r\n\t\t\t\t\t<\/div>\r\n\t\t\t\t<\/div>\r\n\r\n\t\t\t\t<div class=\"daexthefu-successful-submission-text\">Tak for din feedback!<\/div>\r\n\r\n\t\t\t<\/div>","protected":false},"excerpt":{"rendered":"<p>Perioden efter Anden Verdenskrig markerede en transformativ \u00e6ra for Italien, kendt som det italienske \u00f8konomiske mirakel. Ligesom mange...<\/p>","protected":false},"author":3,"featured_media":22365,"comment_status":"closed","ping_status":"open","sticky":false,"template":"single-fullwidth.php","format":"standard","meta":{"_acf_changed":false,"_helpful_status":1,"sync_status":"","episode_type":"","audio_file":"","podmotor_file_id":"","podmotor_episode_id":"","castos_file_data":"","cover_image":"","cover_image_id":"","duration":"","filesize":"","filesize_raw":"","date_recorded":"","explicit":"","block":"","itunes_episode_number":"","itunes_title":"","itunes_season_number":"","itunes_episode_type":"","footnotes":""},"categories":[32,1323],"tags":[],"class_list":{"0":"post-22364","1":"post","2":"type-post","3":"status-publish","4":"format-standard","5":"has-post-thumbnail","7":"category-culture","8":"category-how-italy-works"},"acf":[],"menu_order":0,"_links":{"self":[{"href":"https:\/\/magictowns.it\/da\/wp-json\/wp\/v2\/posts\/22364","targetHints":{"allow":["GET"]}}],"collection":[{"href":"https:\/\/magictowns.it\/da\/wp-json\/wp\/v2\/posts"}],"about":[{"href":"https:\/\/magictowns.it\/da\/wp-json\/wp\/v2\/types\/post"}],"author":[{"embeddable":true,"href":"https:\/\/magictowns.it\/da\/wp-json\/wp\/v2\/users\/3"}],"replies":[{"embeddable":true,"href":"https:\/\/magictowns.it\/da\/wp-json\/wp\/v2\/comments?post=22364"}],"version-history":[{"count":1,"href":"https:\/\/magictowns.it\/da\/wp-json\/wp\/v2\/posts\/22364\/revisions"}],"predecessor-version":[{"id":46755,"href":"https:\/\/magictowns.it\/da\/wp-json\/wp\/v2\/posts\/22364\/revisions\/46755"}],"wp:featuredmedia":[{"embeddable":true,"href":"https:\/\/magictowns.it\/da\/wp-json\/wp\/v2\/media\/22365"}],"wp:attachment":[{"href":"https:\/\/magictowns.it\/da\/wp-json\/wp\/v2\/media?parent=22364"}],"wp:term":[{"taxonomy":"category","embeddable":true,"href":"https:\/\/magictowns.it\/da\/wp-json\/wp\/v2\/categories?post=22364"},{"taxonomy":"post_tag","embeddable":true,"href":"https:\/\/magictowns.it\/da\/wp-json\/wp\/v2\/tags?post=22364"}],"curies":[{"name":"wp","href":"https:\/\/api.w.org\/{rel}","templated":true}]}}